{"id":144505,"date":"2019-10-17T16:58:11","date_gmt":"2019-10-17T14:58:11","guid":{"rendered":"https:\/\/cyclingpro.net\/velopro\/?p=144505"},"modified":"2019-10-17T16:58:11","modified_gmt":"2019-10-17T14:58:11","slug":"elia-viviani-veut-briller-sur-milan-sanremo-et-gand-wevelgem-en-2020","status":"publish","type":"post","link":"https:\/\/cyclingpro.net\/velopro\/course\/milano-sanremo\/elia-viviani-veut-briller-sur-milan-sanremo-et-gand-wevelgem-en-2020\/","title":{"rendered":"Elia Viviani veut briller sur Milan-Sanremo et Gand-Wevelgem en 2020"},"content":{"rendered":"<p style=\"text-align: justify;\">Elia Viviani a r\u00e9ussi son entr\u00e9e en piste sur le V\u00e9lodrome d&rsquo;Apeldoorn. Le futur coureur de Cofidis a remport\u00e9 le titre europ\u00e9en de l&rsquo;\u00e9limination, ce mercredi soir, <span style=\"text-decoration: underline;\"><a href=\"https:\/\/cyclingpro.net\/velopro\/news-niveau-2\/championnats-deurope-piste-bryan-coquard-en-argent-la-vitesse-par-equipes-en-bronze\/\">en devan\u00e7ant Bryan Coquard<\/a><\/span> lors du dernier sprint. De bon augure avant l&rsquo;omnium, dont il est d\u00e9j\u00e0 champion olympique, son grand objectif des Championnats d&rsquo;Europe. Il disputera \u00e9galement le madison avec Simone Consonni, qu&rsquo;il retrouvera l&rsquo;an prochain chez Cofidis. <span style=\"text-decoration: underline;\"><a href=\"https:\/\/t.co\/QNzuZ27GvL?amp=1\">Interrog\u00e9 par <em>DirectVelo<\/em><\/a><\/span> apr\u00e8s avoir re\u00e7u sa m\u00e9daille d&rsquo;or, Viviani en a profit\u00e9 pour d\u00e9tailler ses attentes pour 2020, au sein de sa nouvelle \u00e9quipe.<\/p>\n<h6 class=\"post-box-title\"><strong><a href=\"https:\/\/cyclingpro.net\/velopro\/piste\/championnats-deurope-piste-le-programme-complet\/\">Lire aussi &gt; Championnats d\u2019Europe \u2013 Piste : Le programme complet<\/a><\/strong><\/h6>\n<p style=\"text-align: justify;\">\u00ab <em>C&rsquo;est simple, (je veux gagner) tout ce que je n&rsquo;ai pas gagn\u00e9, \u00e0 savoir Milan-Sanremo et Gand-Wevelgem. C&rsquo;est une de mes forces : je sais ce que je veux r\u00e9aliser. Ce sont les deux courses du printemps que je veux remporter<\/em>, expliquait le sprinteur titulaire de onze victoires en 2019, qui visera ensuite le Tour de France et les JO de Tokyo. <em>L&rsquo;histoire sera diff\u00e9rente par rapport \u00e0 Rio. J&rsquo;ai d\u00e9j\u00e0 gagn\u00e9 l&rsquo;or olympique. A Rio, il y avait le kilom\u00e8tre et la poursuite dans l&rsquo;omnium. A Tokyo, il n&rsquo;y en aura pas. C&rsquo;est bien pour moi car je peux revenir plus facilement sur la piste. La pr\u00e9paration sera moins sp\u00e9cifique. Gagner une \u00e9tape du Tour et l&rsquo;omnium olympique seront donc mes deux objectifs de l&rsquo;\u00e9t\u00e9.<\/em> \u00bb<\/p>\n","protected":false},"excerpt":{"rendered":"<p>Elia Viviani a r\u00e9ussi son entr\u00e9e en piste sur le V\u00e9lodrome d&rsquo;Apeldoorn. Le futur coureur de Cofidis a remport\u00e9 le titre europ\u00e9en de l&rsquo;\u00e9limination, ce mercredi soir, en devan\u00e7ant Bryan Coquard lors du dernier sprint. De bon augure avant l&rsquo;omnium, dont il est d\u00e9j\u00e0 champion olympique, son grand objectif des Championnats d&rsquo;Europe. Il disputera \u00e9galement &hellip;<\/p>\n","protected":false},"author":15,"featured_media":135594,"comment_status":"open","ping_status":"open","sticky":false,"template":"","format":"standard","meta":{"footnotes":""},"categories":[11,42,83,25,15,19,28],"tags":[],"class_list":["post-144505","post","type-post","status-publish","format-standard","has-post-thumbnail","hentry","category-news-niveau-2","category-gent-wevelgem","category-milano-sanremo","category-news","category-route","category-worldtour","category-course"],"_links":{"self":[{"href":"https:\/\/cyclingpro.net\/velopro\/wp-json\/wp\/v2\/posts\/144505","targetHints":{"allow":["GET"]}}],"collection":[{"href":"https:\/\/cyclingpro.net\/velopro\/wp-json\/wp\/v2\/posts"}],"about":[{"href":"https:\/\/cyclingpro.net\/velopro\/wp-json\/wp\/v2\/types\/post"}],"author":[{"embeddable":true,"href":"https:\/\/cyclingpro.net\/velopro\/wp-json\/wp\/v2\/users\/15"}],"replies":[{"embeddable":true,"href":"https:\/\/cyclingpro.net\/velopro\/wp-json\/wp\/v2\/comments?post=144505"}],"version-history":[{"count":2,"href":"https:\/\/cyclingpro.net\/velopro\/wp-json\/wp\/v2\/posts\/144505\/revisions"}],"predecessor-version":[{"id":144508,"href":"https:\/\/cyclingpro.net\/velopro\/wp-json\/wp\/v2\/posts\/144505\/revisions\/144508"}],"wp:featuredmedia":[{"embeddable":true,"href":"https:\/\/cyclingpro.net\/velopro\/wp-json\/wp\/v2\/media\/135594"}],"wp:attachment":[{"href":"https:\/\/cyclingpro.net\/velopro\/wp-json\/wp\/v2\/media?parent=144505"}],"wp:term":[{"taxonomy":"category","embeddable":true,"href":"https:\/\/cyclingpro.net\/velopro\/wp-json\/wp\/v2\/categories?post=144505"},{"taxonomy":"post_tag","embeddable":true,"href":"https:\/\/cyclingpro.net\/velopro\/wp-json\/wp\/v2\/tags?post=144505"}],"curies":[{"name":"wp","href":"https:\/\/api.w.org\/{rel}","templated":true}]}}