{"id":144465,"date":"2019-10-17T10:32:04","date_gmt":"2019-10-17T08:32:04","guid":{"rendered":"https:\/\/cyclingpro.net\/velopro\/?p=144465"},"modified":"2019-10-18T09:55:45","modified_gmt":"2019-10-18T07:55:45","slug":"edward-beltran-et-alexis-camacho-controles-positifs","status":"publish","type":"post","link":"https:\/\/cyclingpro.net\/velopro\/dopage\/edward-beltran-et-alexis-camacho-controles-positifs\/","title":{"rendered":"Les Colombiens Edward Beltran et Alexis Camacho contr\u00f4l\u00e9s positifs"},"content":{"rendered":"<p style=\"text-align: justify;\">Nouveaux cas de dopage dans le cyclisme colombien. La f\u00e9d\u00e9ration nationale a annonc\u00e9 le contr\u00f4le positif de deux ses repr\u00e9sentants. Il s&rsquo;agit d&rsquo;Edward Beltran, soci\u00e9taire du Team Medellin, et d&rsquo;Alexis Camacho, de l&rsquo;\u00e9quipe Coldeportes Zenu. \u00c2g\u00e9s de 29 ans, les deux hommes n&rsquo;ont plus disput\u00e9 de courses UCI depuis le d\u00e9but du mois de mai. Beltran se classait alors dixi\u00e8me du Tour de Gila (2.2), Camacho deuxi\u00e8me de la course en ligne des Jeux Panam\u00e9ricains.<\/p>\n<p style=\"text-align: justify;\">Beltran a \u00e9t\u00e9 contr\u00f4l\u00e9 positif \u00e0 l&rsquo;EPO. Deuxi\u00e8me du Giro des jeunes en 2010, il semblait alors destin\u00e9 \u00e0 une prometteuse carri\u00e8re. Il est notamment pass\u00e9 par l&rsquo;\u00e9quipe WorldTour Tinkoff-Saxo en 2015. Camacho a lui \u00e9t\u00e9 contr\u00f4l\u00e9 positif au Boldenone. Les deux coureurs risquent une lourde sanction, de deux \u00e0 quatre ans. Ils peuvent encore demander l&rsquo;analyse de l&rsquo;\u00e9chantillon B.<\/p>\n","protected":false},"excerpt":{"rendered":"<p>Nouveaux cas de dopage dans le cyclisme colombien. La f\u00e9d\u00e9ration nationale a annonc\u00e9 le contr\u00f4le positif de deux ses repr\u00e9sentants. Il s&rsquo;agit d&rsquo;Edward Beltran, soci\u00e9taire du Team Medellin, et d&rsquo;Alexis Camacho, de l&rsquo;\u00e9quipe Coldeportes Zenu. \u00c2g\u00e9s de 29 ans, les deux hommes n&rsquo;ont plus disput\u00e9 de courses UCI depuis le d\u00e9but du mois de mai. &hellip;<\/p>\n","protected":false},"author":15,"featured_media":17104,"comment_status":"open","ping_status":"open","sticky":false,"template":"","format":"standard","meta":{"footnotes":""},"categories":[11,195],"tags":[],"class_list":["post-144465","post","type-post","status-publish","format-standard","has-post-thumbnail","hentry","category-news-niveau-2","category-dopage"],"_links":{"self":[{"href":"https:\/\/cyclingpro.net\/velopro\/wp-json\/wp\/v2\/posts\/144465","targetHints":{"allow":["GET"]}}],"collection":[{"href":"https:\/\/cyclingpro.net\/velopro\/wp-json\/wp\/v2\/posts"}],"about":[{"href":"https:\/\/cyclingpro.net\/velopro\/wp-json\/wp\/v2\/types\/post"}],"author":[{"embeddable":true,"href":"https:\/\/cyclingpro.net\/velopro\/wp-json\/wp\/v2\/users\/15"}],"replies":[{"embeddable":true,"href":"https:\/\/cyclingpro.net\/velopro\/wp-json\/wp\/v2\/comments?post=144465"}],"version-history":[{"count":3,"href":"https:\/\/cyclingpro.net\/velopro\/wp-json\/wp\/v2\/posts\/144465\/revisions"}],"predecessor-version":[{"id":144525,"href":"https:\/\/cyclingpro.net\/velopro\/wp-json\/wp\/v2\/posts\/144465\/revisions\/144525"}],"wp:featuredmedia":[{"embeddable":true,"href":"https:\/\/cyclingpro.net\/velopro\/wp-json\/wp\/v2\/media\/17104"}],"wp:attachment":[{"href":"https:\/\/cyclingpro.net\/velopro\/wp-json\/wp\/v2\/media?parent=144465"}],"wp:term":[{"taxonomy":"category","embeddable":true,"href":"https:\/\/cyclingpro.net\/velopro\/wp-json\/wp\/v2\/categories?post=144465"},{"taxonomy":"post_tag","embeddable":true,"href":"https:\/\/cyclingpro.net\/velopro\/wp-json\/wp\/v2\/tags?post=144465"}],"curies":[{"name":"wp","href":"https:\/\/api.w.org\/{rel}","templated":true}]}}