{"id":143849,"date":"2019-10-12T18:55:39","date_gmt":"2019-10-12T16:55:39","guid":{"rendered":"https:\/\/cyclingpro.net\/velopro\/?p=143849"},"modified":"2019-10-13T10:30:44","modified_gmt":"2019-10-13T08:30:44","slug":"egan-bernal-je-ne-pensais-pas-pouvoir-faire-aussi-bien","status":"publish","type":"post","link":"https:\/\/cyclingpro.net\/velopro\/course\/il-lombardia\/egan-bernal-je-ne-pensais-pas-pouvoir-faire-aussi-bien\/","title":{"rendered":"Egan Bernal : \u00ab Je ne pensais pas pouvoir faire aussi bien \u00bb"},"content":{"rendered":"<p style=\"text-align: justify;\">Egan Bernal boucle 2019 avec un podium de prestige. Seulement battu au sprint par Alejandro Valverde pour le premier accessit, le vainqueur du Tour de France a termin\u00e9 troisi\u00e8me du Tour de Lombardie ce samedi. Un r\u00e9sultat dont il se satisfaisait pleinement, deux jours apr\u00e8s avoir remport\u00e9 Milan-Turin. \u00ab <em>Ce matin, j&rsquo;\u00e9tais d\u00e9termin\u00e9 \u00e0 faire de mon mieux, mais \u00eatre sur le podium du Tour de Lombardie, c&rsquo;est vraiment quelque chose de grand! C&rsquo;est mon premier podium sur un Monument, je suis donc tr\u00e8s content de ma performance<\/em>, se r\u00e9jouissait-il \u00e0 l&rsquo;arriv\u00e9e. <em>Je ne pensais pas pouvoir faire aussi bien. C&rsquo;est top de finir la saison avec un tel r\u00e9sultat. J&rsquo;aimerai gagner un Monument un jour, mais c&rsquo;est tr\u00e8s difficile. J&rsquo;appr\u00e9cie vraiment ces courses et je vais essayer de m&rsquo;am\u00e9liorer. Je n&rsquo;ai que 22 ans!<\/em> \u00bb<\/p>\n<h6 class=\"post-box-title\"><strong><a href=\"https:\/\/cyclingpro.net\/velopro\/course\/il-lombardia\/alejandro-valverde-je-ne-nierai-pas-que-cette-deuxieme-place-a-un-gout-amer\/\" rel=\"bookmark\">Lire aussi &gt; Alejandro Valverde : \u00ab\u00a0Je ne nierai pas que cette deuxi\u00e8me place a un go\u00fbt amer\u00a0\u00bb<\/a><\/strong><\/h6>\n<p style=\"text-align: justify;\">Apr\u00e8s que son \u00e9quipe a roul\u00e9 avec Jumbo-Visma en premi\u00e8re partie de course, le jeune Colombien s&rsquo;est retrouv\u00e9 isol\u00e9, \u00e0 l&rsquo;instar des autres leaders, lorsque la bataille a v\u00e9ritablement \u00e9clat\u00e9. Une aubaine pour Bauke Mollema qui a tent\u00e9 victorieusement sa chance dans le Civiglio. Les favoris se sont alors trop longuement observ\u00e9s, laissant <span style=\"text-decoration: underline;\"><a href=\"https:\/\/cyclingpro.net\/velopro\/course\/il-lombardia\/tour-de-lombardie-le-jour-de-gloire-de-bauke-mollema\/\">l&rsquo;outsider filer vers le sacre<\/a><\/span>.\u00a0\u00ab <em>Mollema \u00e9tait tr\u00e8s fort. Quand il est parti dans l&rsquo;ascension, il a directement creus\u00e9 un bel \u00e9cart<\/em>, saluait Bernal, toujours aussi fair-play. <em>Derri\u00e8re, on a pourtant roul\u00e9 vraiment fort. Yates a pris des relais, ensuite Roglic a attaqu\u00e9, mais Mollema maintenait son avantage. Au final, il \u00e9tait le plus fort.<\/em> \u00bb<\/p>\n<p><strong>L&rsquo;int\u00e9gralit\u00e9 de sa r\u00e9action (en espagnol) :\u00a0<\/strong><\/p>\n<p><span class=\"XHlh9msoODK5dZtVu2Te74Y13AiIcjqwGpQzk0bBf\"><iframe loading=\"lazy\" title=\"Egan Bernal - entrevista en la meta - Il Lombardia 2019\" width=\"500\" height=\"281\" src=\"https:\/\/www.youtube.com\/embed\/F49YH0ahYSE?feature=oembed\" frameborder=\"0\" allow=\"accelerometer; autoplay; clipboard-write; encrypted-media; gyroscope; picture-in-picture; web-share\" referrerpolicy=\"strict-origin-when-cross-origin\" allowfullscreen><\/iframe><\/span><\/p>\n","protected":false},"excerpt":{"rendered":"<p>Egan Bernal boucle 2019 avec un podium de prestige. Seulement battu au sprint par Alejandro Valverde pour le premier accessit, le vainqueur du Tour de France a termin\u00e9 troisi\u00e8me du Tour de Lombardie ce samedi. Un r\u00e9sultat dont il se satisfaisait pleinement, deux jours apr\u00e8s avoir remport\u00e9 Milan-Turin. \u00ab Ce matin, j&rsquo;\u00e9tais d\u00e9termin\u00e9 \u00e0 faire &hellip;<\/p>\n","protected":false},"author":15,"featured_media":143854,"comment_status":"open","ping_status":"open","sticky":false,"template":"","format":"standard","meta":{"footnotes":""},"categories":[27,11,8,15,146,18,19,28],"tags":[],"class_list":["post-143849","post","type-post","status-publish","format-standard","has-post-thumbnail","hentry","category-gros-bloc","category-news-niveau-2","category-interviews","category-route","category-il-lombardia","category-videos","category-worldtour","category-course"],"_links":{"self":[{"href":"https:\/\/cyclingpro.net\/velopro\/wp-json\/wp\/v2\/posts\/143849","targetHints":{"allow":["GET"]}}],"collection":[{"href":"https:\/\/cyclingpro.net\/velopro\/wp-json\/wp\/v2\/posts"}],"about":[{"href":"https:\/\/cyclingpro.net\/velopro\/wp-json\/wp\/v2\/types\/post"}],"author":[{"embeddable":true,"href":"https:\/\/cyclingpro.net\/velopro\/wp-json\/wp\/v2\/users\/15"}],"replies":[{"embeddable":true,"href":"https:\/\/cyclingpro.net\/velopro\/wp-json\/wp\/v2\/comments?post=143849"}],"version-history":[{"count":4,"href":"https:\/\/cyclingpro.net\/velopro\/wp-json\/wp\/v2\/posts\/143849\/revisions"}],"predecessor-version":[{"id":143860,"href":"https:\/\/cyclingpro.net\/velopro\/wp-json\/wp\/v2\/posts\/143849\/revisions\/143860"}],"wp:featuredmedia":[{"embeddable":true,"href":"https:\/\/cyclingpro.net\/velopro\/wp-json\/wp\/v2\/media\/143854"}],"wp:attachment":[{"href":"https:\/\/cyclingpro.net\/velopro\/wp-json\/wp\/v2\/media?parent=143849"}],"wp:term":[{"taxonomy":"category","embeddable":true,"href":"https:\/\/cyclingpro.net\/velopro\/wp-json\/wp\/v2\/categories?post=143849"},{"taxonomy":"post_tag","embeddable":true,"href":"https:\/\/cyclingpro.net\/velopro\/wp-json\/wp\/v2\/tags?post=143849"}],"curies":[{"name":"wp","href":"https:\/\/api.w.org\/{rel}","templated":true}]}}