{"id":143514,"date":"2019-10-11T13:29:25","date_gmt":"2019-10-11T11:29:25","guid":{"rendered":"https:\/\/cyclingpro.net\/velopro\/?p=143514"},"modified":"2019-10-11T13:30:00","modified_gmt":"2019-10-11T11:30:00","slug":"ramunas-navardauskas-continue-avec-delko-marseille-provence","status":"publish","type":"post","link":"https:\/\/cyclingpro.net\/velopro\/mercato\/ramunas-navardauskas-continue-avec-delko-marseille-provence\/","title":{"rendered":"Ramunas Navardauskas continue avec Delko Marseille Provence"},"content":{"rendered":"<p style=\"text-align: justify;\">La premi\u00e8re saison de Ramunas Navardauskas avec Delko Marseille Provence n&rsquo;a pas \u00e9t\u00e9 des plus convaincantes. L&rsquo;ancien vainqueur d&rsquo;\u00e9tape sur le Tour de France et le Giro a malgr\u00e9 tout obtenu une prolongation pour l&rsquo;ann\u00e9e 2020 au sein de l&rsquo;\u00e9curie manag\u00e9e par Fr\u00e9d\u00e9ric Rostaing. Sacr\u00e9 champion de Lituanie sur route pour la quatri\u00e8me fois de sa carri\u00e8re en juillet dernier, Narvardauskas ne compte aucun autre r\u00e9sultat significatif sur l&rsquo;exercice 2019.<\/p>\n<p style=\"text-align: justify;\">Il continuera en revanche d&rsquo;apporter son exp\u00e9rience forte de huit ann\u00e9es en WorldTour en 2020, toujours aupr\u00e8s de son compatriote Evaldas Siskevicius.<\/p>\n","protected":false},"excerpt":{"rendered":"<p>La premi\u00e8re saison de Ramunas Navardauskas avec Delko Marseille Provence n&rsquo;a pas \u00e9t\u00e9 des plus convaincantes. L&rsquo;ancien vainqueur d&rsquo;\u00e9tape sur le Tour de France et le Giro a malgr\u00e9 tout obtenu une prolongation pour l&rsquo;ann\u00e9e 2020 au sein de l&rsquo;\u00e9curie manag\u00e9e par Fr\u00e9d\u00e9ric Rostaing. Sacr\u00e9 champion de Lituanie sur route pour la quatri\u00e8me fois de &hellip;<\/p>\n","protected":false},"author":5,"featured_media":143515,"comment_status":"open","ping_status":"open","sticky":false,"template":"","format":"standard","meta":{"footnotes":""},"categories":[11,15,10],"tags":[],"class_list":["post-143514","post","type-post","status-publish","format-standard","has-post-thumbnail","hentry","category-news-niveau-2","category-route","category-mercato"],"_links":{"self":[{"href":"https:\/\/cyclingpro.net\/velopro\/wp-json\/wp\/v2\/posts\/143514","targetHints":{"allow":["GET"]}}],"collection":[{"href":"https:\/\/cyclingpro.net\/velopro\/wp-json\/wp\/v2\/posts"}],"about":[{"href":"https:\/\/cyclingpro.net\/velopro\/wp-json\/wp\/v2\/types\/post"}],"author":[{"embeddable":true,"href":"https:\/\/cyclingpro.net\/velopro\/wp-json\/wp\/v2\/users\/5"}],"replies":[{"embeddable":true,"href":"https:\/\/cyclingpro.net\/velopro\/wp-json\/wp\/v2\/comments?post=143514"}],"version-history":[{"count":2,"href":"https:\/\/cyclingpro.net\/velopro\/wp-json\/wp\/v2\/posts\/143514\/revisions"}],"predecessor-version":[{"id":143517,"href":"https:\/\/cyclingpro.net\/velopro\/wp-json\/wp\/v2\/posts\/143514\/revisions\/143517"}],"wp:featuredmedia":[{"embeddable":true,"href":"https:\/\/cyclingpro.net\/velopro\/wp-json\/wp\/v2\/media\/143515"}],"wp:attachment":[{"href":"https:\/\/cyclingpro.net\/velopro\/wp-json\/wp\/v2\/media?parent=143514"}],"wp:term":[{"taxonomy":"category","embeddable":true,"href":"https:\/\/cyclingpro.net\/velopro\/wp-json\/wp\/v2\/categories?post=143514"},{"taxonomy":"post_tag","embeddable":true,"href":"https:\/\/cyclingpro.net\/velopro\/wp-json\/wp\/v2\/tags?post=143514"}],"curies":[{"name":"wp","href":"https:\/\/api.w.org\/{rel}","templated":true}]}}