{"id":143201,"date":"2019-10-09T18:47:04","date_gmt":"2019-10-09T16:47:04","guid":{"rendered":"https:\/\/cyclingpro.net\/velopro\/?p=143201"},"modified":"2019-10-09T18:47:04","modified_gmt":"2019-10-09T16:47:04","slug":"alejandro-valverde-le-tour-de-lombardie-manque-encore-a-mon-palmares","status":"publish","type":"post","link":"https:\/\/cyclingpro.net\/velopro\/course\/milano-torino\/alejandro-valverde-le-tour-de-lombardie-manque-encore-a-mon-palmares\/","title":{"rendered":"Alejandro Valverde : \u00ab Le Tour de Lombardie manque encore \u00e0 mon palmar\u00e8s \u00bb"},"content":{"rendered":"<p style=\"text-align: justify;\">Alejandro Valverde confirme, si c&rsquo;\u00e9tait encore n\u00e9cessaire, qu&rsquo;il faudra compter avec lui sur la route de C\u00f4me. S&rsquo;il n&rsquo;a pas gagn\u00e9 en cette semaine de pr\u00e9paration au Tour de Lombardie, le Murcian s&rsquo;est encore class\u00e9 deuxi\u00e8me, ce mercredi, \u00e0 l&rsquo;arriv\u00e9e de Milan-Turin. <span style=\"text-decoration: underline;\"><a href=\"https:\/\/cyclingpro.net\/velopro\/course\/milano-torino\/milan-turin-michael-woods-triomphe-au-sommet-de-superga\/\">Seulement battu par Michael Woods au sommet de Superga<\/a><\/span>, d\u00e9j\u00e0 deuxi\u00e8me du GP Beghelli et cinqui\u00e8me du Tour d&rsquo;Emilie quelques jours plus t\u00f4t, Valverde affiche une forme \u00e9tincelante depuis la Vuelta.\u00a0\u00ab <em>Une cinqui\u00e8me place, deux deuxi\u00e8mes places : il semble que ces \u00e9preuves d&rsquo;avant Lombardie montrent de bons signes. Tout cela va m&rsquo;aider \u00e0 atteindre un excellent niveau pour samedi. Le Tour de Lombardie manque encore \u00e0 mon palmar\u00e8s<\/em>, rappelait alors l&rsquo;homme aux 127 victoires. <em>Il faudra tirer profit de cette forme. Roglic sera l&rsquo;homme \u00e0 battre, il est tr\u00e8s fort.<\/em> \u00bb<\/p>\n<h6><strong><a href=\"https:\/\/cyclingpro.net\/velopro\/course\/milano-torino\/michael-woods-tres-fier-denfin-decrocher-sa-premiere-classique\/\">Lire aussi &gt; Michael Woods \u00ab tr\u00e8s fier \u00bb d\u2019enfin d\u00e9crocher sa premi\u00e8re classique<\/a><\/strong><\/h6>\n<p style=\"text-align: justify;\">Apr\u00e8s que Michael Woods et <span style=\"text-decoration: underline;\"><a href=\"https:\/\/cyclingpro.net\/velopro\/course\/milano-torino\/david-gaudu-ca-sest-joue-a-lacide-lactique-dans-les-500-derniers-metres\/\">David Gaudu<\/a><\/span> se sont isol\u00e9s en t\u00eate lors de la derni\u00e8re ascension de Superga, Valverde a op\u00e9r\u00e9 la jonction au sein d&rsquo;un trio de favoris. Woods et Gaudu multipliaient les attaques, tandis que l&rsquo;ancien champion du monde restait sto\u00efque jusqu&rsquo;aux derniers hectom\u00e8tres. L\u00e0, parti avec un temps de retard sur le futur vainqueur, il a port\u00e9 l&rsquo;estocade au groupe de chasse qui l&rsquo;accompagnait pour aller chercher le premier accessit.\u00a0\u00ab <em>Tout d&rsquo;abord, chapeau \u00e0 Woods pour sa victoire. Et merci \u00e0 mes co\u00e9quipiers. Ils ont fait du bon boulot et m&rsquo;ont bien prot\u00e9g\u00e9 avant la derni\u00e8re ascension<\/em>, saluait Valverde \u00e0 notre micro. <em>J&rsquo;aurais aim\u00e9 finir tout cela avec la victoire, mais nous devons nous satisfaire de la deuxi\u00e8me place. J&rsquo;ai peut-\u00eatre manqu\u00e9 de confiance pour suivre l&rsquo;ultime acc\u00e9l\u00e9ration de Woods, juste avant la derni\u00e8re ligne droite, mais je suis content de ce podium.<\/em> \u00bb<\/p>\n<p><strong>L&rsquo;int\u00e9gralit\u00e9 de sa r\u00e9action (en espagnol) :\u00a0<\/strong><\/p>\n<p><span class=\"SF47xCJzcFkYNBOTxXiRJRMnljMPu4I6myQPAaVVD5LmGLWpsctWOt26KlCry8io0ZEYn1Xoav9U0v3jzHdD8BANQEfp\"><iframe loading=\"lazy\" title=\"Alejandro Valverde - entrevista en la meta - Milano-Torino 2019\" width=\"500\" height=\"281\" src=\"https:\/\/www.youtube.com\/embed\/TTTLbpRTz7U?feature=oembed\" frameborder=\"0\" allow=\"accelerometer; autoplay; clipboard-write; encrypted-media; gyroscope; picture-in-picture; web-share\" referrerpolicy=\"strict-origin-when-cross-origin\" allowfullscreen><\/iframe><\/span><\/p>\n","protected":false},"excerpt":{"rendered":"<p>Alejandro Valverde confirme, si c&rsquo;\u00e9tait encore n\u00e9cessaire, qu&rsquo;il faudra compter avec lui sur la route de C\u00f4me. S&rsquo;il n&rsquo;a pas gagn\u00e9 en cette semaine de pr\u00e9paration au Tour de Lombardie, le Murcian s&rsquo;est encore class\u00e9 deuxi\u00e8me, ce mercredi, \u00e0 l&rsquo;arriv\u00e9e de Milan-Turin. Seulement battu par Michael Woods au sommet de Superga, d\u00e9j\u00e0 deuxi\u00e8me du GP &hellip;<\/p>\n","protected":false},"author":15,"featured_media":143202,"comment_status":"open","ping_status":"open","sticky":false,"template":"","format":"standard","meta":{"footnotes":""},"categories":[17,8,182,15,18,28],"tags":[],"class_list":["post-143201","post","type-post","status-publish","format-standard","has-post-thumbnail","hentry","category-une","category-interviews","category-milano-torino","category-route","category-videos","category-course"],"_links":{"self":[{"href":"https:\/\/cyclingpro.net\/velopro\/wp-json\/wp\/v2\/posts\/143201","targetHints":{"allow":["GET"]}}],"collection":[{"href":"https:\/\/cyclingpro.net\/velopro\/wp-json\/wp\/v2\/posts"}],"about":[{"href":"https:\/\/cyclingpro.net\/velopro\/wp-json\/wp\/v2\/types\/post"}],"author":[{"embeddable":true,"href":"https:\/\/cyclingpro.net\/velopro\/wp-json\/wp\/v2\/users\/15"}],"replies":[{"embeddable":true,"href":"https:\/\/cyclingpro.net\/velopro\/wp-json\/wp\/v2\/comments?post=143201"}],"version-history":[{"count":3,"href":"https:\/\/cyclingpro.net\/velopro\/wp-json\/wp\/v2\/posts\/143201\/revisions"}],"predecessor-version":[{"id":143207,"href":"https:\/\/cyclingpro.net\/velopro\/wp-json\/wp\/v2\/posts\/143201\/revisions\/143207"}],"wp:featuredmedia":[{"embeddable":true,"href":"https:\/\/cyclingpro.net\/velopro\/wp-json\/wp\/v2\/media\/143202"}],"wp:attachment":[{"href":"https:\/\/cyclingpro.net\/velopro\/wp-json\/wp\/v2\/media?parent=143201"}],"wp:term":[{"taxonomy":"category","embeddable":true,"href":"https:\/\/cyclingpro.net\/velopro\/wp-json\/wp\/v2\/categories?post=143201"},{"taxonomy":"post_tag","embeddable":true,"href":"https:\/\/cyclingpro.net\/velopro\/wp-json\/wp\/v2\/tags?post=143201"}],"curies":[{"name":"wp","href":"https:\/\/api.w.org\/{rel}","templated":true}]}}