{"id":143067,"date":"2019-10-09T12:53:07","date_gmt":"2019-10-09T10:53:07","guid":{"rendered":"https:\/\/cyclingpro.net\/velopro\/?p=143067"},"modified":"2019-10-09T12:53:07","modified_gmt":"2019-10-09T10:53:07","slug":"le-gp-de-fourmies-change-de-date-mais-conserve-son-rang","status":"publish","type":"post","link":"https:\/\/cyclingpro.net\/velopro\/course\/grand-prix-de-fourmies\/le-gp-de-fourmies-change-de-date-mais-conserve-son-rang\/","title":{"rendered":"Le GP de Fourmies change de date mais conserve son rang"},"content":{"rendered":"<p style=\"text-align: justify;\">Le Grand Prix de Fourmies fera bien partie des UCI ProSeries en 2020. Pour sa 88e \u00e9dition, l&rsquo;\u00e9preuve actuellement 1.HC conservera donc son rang, dans la deuxi\u00e8me division mondiale.\u00a0\u00ab\u00a0<em>Nous savions que nous resterions dans l\u2019antichambre du WorldTour car nous poss\u00e9dons tous les crit\u00e8res demand\u00e9s,<\/em>\u00a0indique le pr\u00e9sident de l&rsquo;\u00e9preuve Jacques Thibaux \u00e0\u00a0<em>La Voix du Nord<\/em>.\u00a0<em>Ce sont principalement le direct t\u00e9l\u00e9vis\u00e9 \u00e0 l\u2019international pour la retransmission de la course et la capacit\u00e9 d\u2019attirer les plus belles \u00e9quipes mondiales. Dans l\u2019Hexagone, seize dossiers ont \u00e9t\u00e9 pr\u00e9sent\u00e9s et dix ont \u00e9t\u00e9 retenus.<\/em>\u00a0\u00bb<\/p>\n<p style=\"text-align: justify;\">Si le statut de la course reste inchang\u00e9, la date sera l\u00e9g\u00e8rement modifi\u00e9e. Tenue cette ann\u00e9e pendant la troisi\u00e8me semaine de la Vuelta, le 8 septembre, l&rsquo;\u00e9preuve est d\u00e9cal\u00e9e de quelques jours pour \u00e9viter cette rude concurrence. Elle se tiendra alors le dimanche 13 septembre, au lendemain de l&rsquo;Eurom\u00e9tropole Tour. De quoi s&rsquo;entendre avec la course belge pour attirer un joli plateau.\u00a0\u00ab\u00a0<em>Nous allons prochainement rencontrer nos voisins belges,<\/em>\u00a0note l&rsquo;organisateur, toujours aupr\u00e8s du quotidien nordiste. <em>Afin de bien nous organiser, en termes d\u2019accueil des \u00e9quipes, ce weekend-l\u00e0.<\/em>\u00a0\u00bb<\/p>\n","protected":false},"excerpt":{"rendered":"<p>Le Grand Prix de Fourmies fera bien partie des UCI ProSeries en 2020. Pour sa 88e \u00e9dition, l&rsquo;\u00e9preuve actuellement 1.HC conservera donc son rang, dans la deuxi\u00e8me division mondiale.\u00a0\u00ab\u00a0Nous savions que nous resterions dans l\u2019antichambre du WorldTour car nous poss\u00e9dons tous les crit\u00e8res demand\u00e9s,\u00a0indique le pr\u00e9sident de l&rsquo;\u00e9preuve Jacques Thibaux \u00e0\u00a0La Voix du Nord.\u00a0Ce sont &hellip;<\/p>\n","protected":false},"author":15,"featured_media":132570,"comment_status":"open","ping_status":"open","sticky":false,"template":"","format":"standard","meta":{"footnotes":""},"categories":[11,164,25,15,28],"tags":[],"class_list":["post-143067","post","type-post","status-publish","format-standard","has-post-thumbnail","hentry","category-news-niveau-2","category-grand-prix-de-fourmies","category-news","category-route","category-course"],"_links":{"self":[{"href":"https:\/\/cyclingpro.net\/velopro\/wp-json\/wp\/v2\/posts\/143067","targetHints":{"allow":["GET"]}}],"collection":[{"href":"https:\/\/cyclingpro.net\/velopro\/wp-json\/wp\/v2\/posts"}],"about":[{"href":"https:\/\/cyclingpro.net\/velopro\/wp-json\/wp\/v2\/types\/post"}],"author":[{"embeddable":true,"href":"https:\/\/cyclingpro.net\/velopro\/wp-json\/wp\/v2\/users\/15"}],"replies":[{"embeddable":true,"href":"https:\/\/cyclingpro.net\/velopro\/wp-json\/wp\/v2\/comments?post=143067"}],"version-history":[{"count":2,"href":"https:\/\/cyclingpro.net\/velopro\/wp-json\/wp\/v2\/posts\/143067\/revisions"}],"predecessor-version":[{"id":143075,"href":"https:\/\/cyclingpro.net\/velopro\/wp-json\/wp\/v2\/posts\/143067\/revisions\/143075"}],"wp:featuredmedia":[{"embeddable":true,"href":"https:\/\/cyclingpro.net\/velopro\/wp-json\/wp\/v2\/media\/132570"}],"wp:attachment":[{"href":"https:\/\/cyclingpro.net\/velopro\/wp-json\/wp\/v2\/media?parent=143067"}],"wp:term":[{"taxonomy":"category","embeddable":true,"href":"https:\/\/cyclingpro.net\/velopro\/wp-json\/wp\/v2\/categories?post=143067"},{"taxonomy":"post_tag","embeddable":true,"href":"https:\/\/cyclingpro.net\/velopro\/wp-json\/wp\/v2\/tags?post=143067"}],"curies":[{"name":"wp","href":"https:\/\/api.w.org\/{rel}","templated":true}]}}