{"id":143040,"date":"2019-10-09T12:09:09","date_gmt":"2019-10-09T10:09:09","guid":{"rendered":"https:\/\/cyclingpro.net\/velopro\/?p=143040"},"modified":"2019-10-09T12:09:09","modified_gmt":"2019-10-09T10:09:09","slug":"jacques-janse-van-rensburg-annonce-sa-retraite","status":"publish","type":"post","link":"https:\/\/cyclingpro.net\/velopro\/news-niveau-2\/jacques-janse-van-rensburg-annonce-sa-retraite\/","title":{"rendered":"Jacques Janse van Rensburg annonce sa retraite"},"content":{"rendered":"<p style=\"text-align: justify;\">Jacques Janse van Rensburg tirera sa r\u00e9v\u00e9rence \u00e0 la fin de l&rsquo;ann\u00e9e. Le coureur sud-africain de 32 ans a annonc\u00e9 sa retraite sur son compte Facebook, ce mardi, apr\u00e8s avoir d\u00e9but\u00e9 en 2006 dans l&rsquo;\u00e9quipe continentale Konica Minolta. Il se retirera apr\u00e8s le Tour de Guangxi, derni\u00e8re course d&rsquo;une aventure longue de huit saisons chez Dimension Data.<\/p>\n<p style=\"text-align: justify;\">\u00ab <em>Le temps est venu de prendre une d\u00e9cision difficile<\/em>, \u00e9crit le coureur qui a particip\u00e9 \u00e0 six Grands Tours. <em>C&rsquo;est avec une certaine tristesse que je vous informe que je ne serai plus coureur professionnel apr\u00e8s la saison en cours. Pour le futur, d&rsquo;excitants challenges m&rsquo;attendent. Je vous annoncerai tout cela prochainement.<\/em> \u00bb<\/p>\n<blockquote class=\"twitter-tweet\">\n<p dir=\"ltr\" lang=\"en\">Thank you <a href=\"https:\/\/twitter.com\/Jacquesjvren?ref_src=twsrc%5Etfw\">@Jacquesjvren<\/a> for your contribution and commitment over the year&rsquo;s to <a href=\"https:\/\/twitter.com\/TeamDiData?ref_src=twsrc%5Etfw\">@TeamDiData<\/a> &amp; <a href=\"https:\/\/twitter.com\/Qhubeka?ref_src=twsrc%5Etfw\">@Qhubeka<\/a>. You have always flown the SA flag proudly! &#x1f1ff;&#x1f1e6;<\/p>\n<p>Wishing you all the best in this next phase of your career! <a href=\"https:\/\/twitter.com\/hashtag\/BicylesChangeLives?src=hash&amp;ref_src=twsrc%5Etfw\">#BicylesChangeLives<\/a> &#x1f590;&#xfe0f; <a href=\"https:\/\/t.co\/vWEcDjklmy\">https:\/\/t.co\/vWEcDjklmy<\/a><\/p>\n<p>\u2014 Team Dimension Data (@TeamDiData) <a href=\"https:\/\/twitter.com\/TeamDiData\/status\/1181599177987514368?ref_src=twsrc%5Etfw\">October 8, 2019<\/a><\/p><\/blockquote>\n<p><script async src=\"https:\/\/platform.twitter.com\/widgets.js\" charset=\"utf-8\"><\/script><\/p>\n","protected":false},"excerpt":{"rendered":"<p>Jacques Janse van Rensburg tirera sa r\u00e9v\u00e9rence \u00e0 la fin de l&rsquo;ann\u00e9e. Le coureur sud-africain de 32 ans a annonc\u00e9 sa retraite sur son compte Facebook, ce mardi, apr\u00e8s avoir d\u00e9but\u00e9 en 2006 dans l&rsquo;\u00e9quipe continentale Konica Minolta. Il se retirera apr\u00e8s le Tour de Guangxi, derni\u00e8re course d&rsquo;une aventure longue de huit saisons chez &hellip;<\/p>\n","protected":false},"author":15,"featured_media":26214,"comment_status":"open","ping_status":"open","sticky":false,"template":"","format":"standard","meta":{"footnotes":""},"categories":[11,25,15],"tags":[],"class_list":["post-143040","post","type-post","status-publish","format-standard","has-post-thumbnail","hentry","category-news-niveau-2","category-news","category-route"],"_links":{"self":[{"href":"https:\/\/cyclingpro.net\/velopro\/wp-json\/wp\/v2\/posts\/143040","targetHints":{"allow":["GET"]}}],"collection":[{"href":"https:\/\/cyclingpro.net\/velopro\/wp-json\/wp\/v2\/posts"}],"about":[{"href":"https:\/\/cyclingpro.net\/velopro\/wp-json\/wp\/v2\/types\/post"}],"author":[{"embeddable":true,"href":"https:\/\/cyclingpro.net\/velopro\/wp-json\/wp\/v2\/users\/15"}],"replies":[{"embeddable":true,"href":"https:\/\/cyclingpro.net\/velopro\/wp-json\/wp\/v2\/comments?post=143040"}],"version-history":[{"count":3,"href":"https:\/\/cyclingpro.net\/velopro\/wp-json\/wp\/v2\/posts\/143040\/revisions"}],"predecessor-version":[{"id":143048,"href":"https:\/\/cyclingpro.net\/velopro\/wp-json\/wp\/v2\/posts\/143040\/revisions\/143048"}],"wp:featuredmedia":[{"embeddable":true,"href":"https:\/\/cyclingpro.net\/velopro\/wp-json\/wp\/v2\/media\/26214"}],"wp:attachment":[{"href":"https:\/\/cyclingpro.net\/velopro\/wp-json\/wp\/v2\/media?parent=143040"}],"wp:term":[{"taxonomy":"category","embeddable":true,"href":"https:\/\/cyclingpro.net\/velopro\/wp-json\/wp\/v2\/categories?post=143040"},{"taxonomy":"post_tag","embeddable":true,"href":"https:\/\/cyclingpro.net\/velopro\/wp-json\/wp\/v2\/tags?post=143040"}],"curies":[{"name":"wp","href":"https:\/\/api.w.org\/{rel}","templated":true}]}}