{"id":143014,"date":"2019-10-09T10:34:56","date_gmt":"2019-10-09T08:34:56","guid":{"rendered":"https:\/\/cyclingpro.net\/velopro\/?p=143014"},"modified":"2019-10-09T10:34:56","modified_gmt":"2019-10-09T08:34:56","slug":"trois-equipes-interessees-pour-sattacher-les-services-dandre-greipel","status":"publish","type":"post","link":"https:\/\/cyclingpro.net\/velopro\/mercato\/trois-equipes-interessees-pour-sattacher-les-services-dandre-greipel\/","title":{"rendered":"Trois \u00e9quipes int\u00e9ress\u00e9es pour s&rsquo;attacher les services d&rsquo;Andr\u00e9 Greipel"},"content":{"rendered":"<p style=\"text-align: justify;\">Malgr\u00e9 une saison compliqu\u00e9e chez Ark\u00e9a-Samsic, Andr\u00e9 Greipel suscite l&rsquo;int\u00e9r\u00eat de plusieurs formations pour 2020. C&rsquo;est en tout cas ce que cro\u00eet savoir le <em>Het Nieuwsblad<\/em>. Selon le m\u00e9dia flamand, trois \u00e9quipes souhaiteraient engager l&rsquo;Allemand de 37 ans la saison prochaine. A commencer par la Corendon-Circus de Mathieu van der Poel. Cette derni\u00e8re roule sur des v\u00e9los de la marque allemande Canyon, qui serait d\u00e9sireuse de recruter un coureur allemand.<\/p>\n<p style=\"text-align: justify;\">Dimension Data, qui deviendra NTT l&rsquo;an prochain, serait \u00e9galement int\u00e9ress\u00e9e par l&rsquo;exp\u00e9riment\u00e9 sprinteur. Greipel, titulaire de 156 victoires en carri\u00e8re, la derni\u00e8re remontant au Tour de Rwanda, en janvier dernier, susciterait \u00e9galement l&rsquo;int\u00e9r\u00eat d&rsquo;une troisi\u00e8me formation, dont le nom n&rsquo;a pas fuit\u00e9. Un retour chez Lotto Soudal semble en revanche exclu. La formation belge lui proposerait de revenir en tant que responsable, alors que Greipel veut poursuivre sa carri\u00e8re. Il devrait faire conna\u00eetre sa d\u00e9cision d\u00e9but novembre.<\/p>\n<p>&nbsp;<\/p>\n","protected":false},"excerpt":{"rendered":"<p>Malgr\u00e9 une saison compliqu\u00e9e chez Ark\u00e9a-Samsic, Andr\u00e9 Greipel suscite l&rsquo;int\u00e9r\u00eat de plusieurs formations pour 2020. C&rsquo;est en tout cas ce que cro\u00eet savoir le Het Nieuwsblad. Selon le m\u00e9dia flamand, trois \u00e9quipes souhaiteraient engager l&rsquo;Allemand de 37 ans la saison prochaine. A commencer par la Corendon-Circus de Mathieu van der Poel. Cette derni\u00e8re roule sur &hellip;<\/p>\n","protected":false},"author":15,"featured_media":105889,"comment_status":"open","ping_status":"open","sticky":false,"template":"","format":"standard","meta":{"footnotes":""},"categories":[11,25,15,10],"tags":[],"class_list":["post-143014","post","type-post","status-publish","format-standard","has-post-thumbnail","hentry","category-news-niveau-2","category-news","category-route","category-mercato"],"_links":{"self":[{"href":"https:\/\/cyclingpro.net\/velopro\/wp-json\/wp\/v2\/posts\/143014","targetHints":{"allow":["GET"]}}],"collection":[{"href":"https:\/\/cyclingpro.net\/velopro\/wp-json\/wp\/v2\/posts"}],"about":[{"href":"https:\/\/cyclingpro.net\/velopro\/wp-json\/wp\/v2\/types\/post"}],"author":[{"embeddable":true,"href":"https:\/\/cyclingpro.net\/velopro\/wp-json\/wp\/v2\/users\/15"}],"replies":[{"embeddable":true,"href":"https:\/\/cyclingpro.net\/velopro\/wp-json\/wp\/v2\/comments?post=143014"}],"version-history":[{"count":3,"href":"https:\/\/cyclingpro.net\/velopro\/wp-json\/wp\/v2\/posts\/143014\/revisions"}],"predecessor-version":[{"id":143017,"href":"https:\/\/cyclingpro.net\/velopro\/wp-json\/wp\/v2\/posts\/143014\/revisions\/143017"}],"wp:featuredmedia":[{"embeddable":true,"href":"https:\/\/cyclingpro.net\/velopro\/wp-json\/wp\/v2\/media\/105889"}],"wp:attachment":[{"href":"https:\/\/cyclingpro.net\/velopro\/wp-json\/wp\/v2\/media?parent=143014"}],"wp:term":[{"taxonomy":"category","embeddable":true,"href":"https:\/\/cyclingpro.net\/velopro\/wp-json\/wp\/v2\/categories?post=143014"},{"taxonomy":"post_tag","embeddable":true,"href":"https:\/\/cyclingpro.net\/velopro\/wp-json\/wp\/v2\/tags?post=143014"}],"curies":[{"name":"wp","href":"https:\/\/api.w.org\/{rel}","templated":true}]}}