{"id":142967,"date":"2019-10-08T16:58:13","date_gmt":"2019-10-08T14:58:13","guid":{"rendered":"https:\/\/cyclingpro.net\/velopro\/?p=142967"},"modified":"2019-10-08T19:38:50","modified_gmt":"2019-10-08T17:38:50","slug":"binche-chimay-binche-tom-van-asbroeck-simpose-sur-le-fil","status":"publish","type":"post","link":"https:\/\/cyclingpro.net\/velopro\/course\/binche-chimay-binche\/binche-chimay-binche-tom-van-asbroeck-simpose-sur-le-fil\/","title":{"rendered":"Binche-Chimay-Binche : Tom Van Asbroeck s&rsquo;impose sur le fil"},"content":{"rendered":"<p style=\"text-align: justify;\"><em>Il y a eu du spectacle ce mardi en Belgique, et plus particuli\u00e8rement en Wallonie qui accueillait sa derni\u00e8re course professionnelle de la saison. L&rsquo;\u00e9dition 2019 de Binche-Chimay-Binche a \u00e9t\u00e9 tr\u00e8s intense et anim\u00e9e dans ses soixante derniers kilom\u00e8tres, avec \u00e9norm\u00e9ment de mouvements, qui ont r\u00e9sult\u00e9 par le sprint d&rsquo;un groupe r\u00e9duit apr\u00e8s quasiment 200 kilom\u00e8tres. Sur le faux-plat pav\u00e9 bien connu de l&rsquo;arriv\u00e9e \u00e0 Binche, c&rsquo;est alors Tom Van Asbroeck (Israel Cycling Academy) qui a eu le dernier mot, d&rsquo;un rien devant Oliver Naesen (AG2R-La Mondiale). Le Belge s&rsquo;octroie sa premi\u00e8re victoire depuis 2016. Jos van Emden (Jumbo-Visma) compl\u00e8te lui le podium du jour.<\/em><\/p>\n<p class=\"p1\" style=\"text-align: justify;\"><span class=\"s1\">Sous un ciel couvert et mena\u00e7ant, le d\u00e9part de Binche-Chimay-Binche est donn\u00e9 peu apr\u00e8s midi ce mardi. Il ne faut alors que quelques minutes \u00e0 l\u2019\u00e9chapp\u00e9e pour prendre forme. Apr\u00e8s des premi\u00e8res tentatives annihil\u00e9es, quatre coureurs s\u2019isolent en effet tr\u00e8s vite \u00e0 l\u2019avant. Il s\u2019agit de Conor Dunne (Israel Cycling Academy), Lasse Norman Hansen (Corendon-Circus), Nils Politt (Katusha-Alpecin) et Gianni Marchand (Cibel). Le peloton d\u00e9cide alors de faire rideau et de laisser filer le quatuor. La Groupama-FDJ d\u2019Arnaud D\u00e9mare et Stefan K\u00fcng vient tout de m\u00eame prendre les commandes mais l\u2019\u00e9chapp\u00e9e peut prendre 3\u201945 d\u2019avance apr\u00e8s une quarantaine de kilom\u00e8tres. La situation de course se stabilise alors dans cette configuration m\u00eame si la m\u00e9t\u00e9o se g\u00e2te quelque peu avec l\u2019apparition de belles averses sur le parcours. La Groupama-FDJ conserve les r\u00eanes et prend seule la responsabilit\u00e9 de la poursuite. \u00c0 l\u2019approche de la mi-course, l\u2019\u00e9cart commence \u00e0 se r\u00e9duire et le paquet s\u2019agite tr\u00e8s nettement en raison du vent de c\u00f4t\u00e9 qui souffle sur le trac\u00e9. <\/span><span class=\"s1\">C\u2019est d\u2019ailleurs dans ces circonstances que la course prend une nouvelle tournure peu apr\u00e8s l\u2019entr\u00e9e dans les 100 derniers kilom\u00e8tres. La Deceuninck-Quick Step apparait en t\u00eate de peloton et vient tenter de cr\u00e9er des bordures. <\/span><\/p>\n<p class=\"p1\" style=\"text-align: justify;\"><span class=\"s1\">Le vent n\u2019est pas encore assez fort pour op\u00e9rer de r\u00e9elles scissions dans le peloton mais ce dernier se rapproche alors logiquement de l\u2019\u00e9chapp\u00e9e. Au sein de celle-ci, Marchand n\u2019est plus en mesure de tenir les roues et il n\u2019y a donc plus que Dunne, Hansen et Politt en t\u00eate \u00e0 80 kilom\u00e8tres de l\u2019arriv\u00e9e, 45 secondes seulement n\u00e9anmoins devant un peloton d\u00e9j\u00e0 tr\u00e8s tendu. Ensemble, les trois hommes collaborent pour faire perdurer leur aventure le plus longtemps possible \u00e0 l&rsquo;avant tandis qu\u2019Alexys Brunel (Groupama-FDJ) et Tim Declercq (Deceuninck-Quick Step) sont mis \u00e0 l\u2019ouvrage \u00e0 leur poursuite. \u00c0 l\u2019issue du premier tour du circuit local de Binche (16 km), le trio n\u2019a plus que trente secondes d\u2019avance sur un peloton en file indienne toujours men\u00e9 par la Deceuninck-Quick Step. Il reste alors<span class=\"Apple-converted-space\">\u00a0<\/span>65 kilom\u00e8tres, soit quatre tours et les hommes de Patrick Lef\u00e9v\u00e8re commencent d\u00e9j\u00e0 \u00e0 semer la zizanie.\u00a0<\/span><span class=\"s1\">Plusieurs attaques et acc\u00e9l\u00e9rations se succ\u00e8dent, ce qui conduit d\u2019abord \u00e0 un regroupement g\u00e9n\u00e9ral \u00e0 un peu plus de soixante kilom\u00e8tres de l\u2019arriv\u00e9e. De nouvelles offensives dans la foul\u00e9e permettent ensuite \u00e0 une dizaine d\u2019hommes de faire le trou. Toutes les grosses formations sont repr\u00e9sent\u00e9es \u2026 et le reste du peloton fait alors rideau. <\/span><\/p>\n<p class=\"p1\" style=\"text-align: justify;\"><span class=\"s1\">On retrouve d\u00e8s lors en t\u00eate de course Pieter Serry (Deceuninck-Quick Step), Stan Dewulf, Victor Campenarts (Lotto-Soudal), Bert Van Lerberghe (Cofidis), Oliver Naesen (AG2R-La Mondiale), Dries De Bondt (Corendon-Circus), Edward Theuns (Trek-Segafredo), Kevin Geniets (Groupama-FDJ), Andrea Pasqualon (Wanty-Groupe Gobert), Taco van der Hoorn (Jumbo-Visma), Jenthe Biermans (Katusha-Alpecin) et Tom Van Asbroeck (Israel Cycling Academy). Leur avantage grimpe \u00e0 une minute \u00e0 trois tours du but, soit 48 kilom\u00e8tres de l\u2019arriv\u00e9e, tandis que ce sont les formations Ark\u00e9a-Samsic et Total Direct Energie qui tentent de sauver les meubles.\u00a0<\/span><span class=\"s1\">La bonne coop\u00e9ration en t\u00eate ne permet toutefois pas un retour dans un premier temps. L\u2019\u00e9cart est stabilis\u00e9 \u00e0 pr\u00e8s d\u2019une minute un tour plus tard, mais c\u2019est alors que la formation Sport Vlaanderen-Baloise apparait pour rouler. L\u2019\u00e9curie belge permet ainsi au peloton, qui perd par ailleurs de nombreux \u00e9l\u00e9ments au fil des kilom\u00e8tres, de se rapprocher seconde par seconde. \u00c0 l\u2019approche des vingt derni\u00e8res bornes, on ne compte plus qu\u2019une demi-minute d\u2019\u00e9cart entre les deux groupes et c\u2019est alors que la Groupama-FDJ d\u00e9cide de faire le forcing.<\/span><\/p>\n<p class=\"p1\" style=\"text-align: justify;\"><span class=\"s1\"> En t\u00eate de peloton, la formation fran\u00e7aise place une \u00e9norme acc\u00e9l\u00e9ration et fragmente le paquet en plusieurs morceaux. <\/span><span class=\"s1\">Puis, dans la Rue de la P\u00e9pini\u00e8re, en faux-plat et pav\u00e9e, menant \u00e0 l\u2019arriv\u00e9e, Stefan K\u00fcng insiste. <\/span><span class=\"s1\">\u00c0 l\u2019entame du dernier tour, le Suisse m\u00e9daill\u00e9 de bronze des Mondiaux, emm\u00e8ne d\u2019abord avec lui Jasper Stuyven (Trek-Segafredo) tandis que Campenaerts prend quelques m\u00e8tres d\u2019avance sur le reste de l\u2019\u00e9chapp\u00e9e \u00e0 quinze kilom\u00e8tres du but. En contre, Timo Roosen, Jos van Emden (Jumbo-Visma), Florian S\u00e9n\u00e9chal (Deceuninck-Quick Step), Jens Keukeleire (Lotto-Soudal), Damien Touz\u00e9 (Cofidis) ainsi qu\u2019Alan Riou (Ark\u00e9a-Samsic) parviennent \u00e0 rattraper le wagon K\u00fcng-Stuyven, et une bonne entente permet \u00e0 ce groupe de revenir sur celui \u00e0 la poursuite de Campenaerts, \u00e0 environ onze kilom\u00e8tres du but. Le recordman de l\u2019heure est donc seul en t\u00eate alors que le peloton semble avoir d\u00e9finitivement course perdue. <\/span><span class=\"s1\">Au sein du groupe de poursuite, o\u00f9 retrouve alors une quinzaine d\u2019hommes, mais pas Serry et Van Lerberghe, l\u00e2ch\u00e9s quelques instants plus t\u00f4t. <\/span><span class=\"s1\">\u00c0 8 kilom\u00e8tres de la ligne, Campenaerts ne compte que 15 secondes sur les poursuivants, qui relancent sans arr\u00eats, mais par \u00e0-coups. <\/span><\/p>\n<p class=\"p1\" style=\"text-align: justify;\"><span class=\"s1\">Ces diverses acc\u00e9l\u00e9rations ont n\u00e9anmoins raison du Flamand \u00e0 cinq kilom\u00e8tres de la ligne, et les attaques continuent en t\u00eate. K\u00fcng, Dewulf, S\u00e9n\u00e9chal et van der Hoorn semblent faire un beau trou \u00e0 quatre bornes de la ligne, mais Theuns ram\u00e8ne tout le monde \u00e0 1500 m\u00e8tres du but. Les coureurs s\u2019en vont alors emprunter une ultime fois la Rue de la P\u00e9pini\u00e8re. Sous la flamme rouge, c\u2019est Stefan K\u00fcng qui emm\u00e8ne, mais sur le faux-plat pav\u00e9, Stuyven produit la premi\u00e8re v\u00e9ritable acc\u00e9l\u00e9ration \u00e0 800 m\u00e8tres de la ligne, contr\u00e9 par Florian S\u00e9n\u00e9chal, mais la diff\u00e9rence n\u2019est pas faite. K\u00fcng profite d\u2019un petit temps de r\u00e9pit \u00e0 500 m\u00e8tres pour placer un contre mais le Suisse est imm\u00e9diatement pris en chasse et c\u2019est alors la Jumbo-Visma qui lance le sprint avec Jos van Emden pour Timo Roosen, mais dans les derniers hectom\u00e8tres, Tom Van Asbroeck et Oliver Nasen remontent de part et d\u2019autre. Au jeter de v\u00e9lo, c\u2019est le coureur d\u2019Israel Cycling Academy qui s\u2019impose finalement d&rsquo;un rien devant celui d\u2019AG2R-La Mondiale. Van Emden prend finalement la troisi\u00e8me place devant son comp\u00e8re Roosen, trop juste dans les derniers m\u00e8tres. <\/span><\/p>\n<p><strong>Classement\u00a0<\/strong><\/p>\n<p>1 Tom Van Asbroeck (Israel Cycling Academy)<br \/>\n2 Oliver Naesen (AG2R La Mondiale) m.t<br \/>\n3 Jos van Emden (Jumbo-Visma) m.t<br \/>\n4 Timo Roosen (Jumbo-Visma) m.t<br \/>\n5 Jens Keukeleire (Lotto Soudal) m.t<br \/>\n6 Jasper Stuyven (Trek &#8211; Segafredo) m.t<br \/>\n7 Florian S\u00e9n\u00e9chal (Deceuninck &#8211; Quick Step) m.t<br \/>\n8 Damien Touze (Cofidis) m.t<br \/>\n9 Stefan K\u00fcng (Groupama &#8211; FDJ) m.t<br \/>\n10 Jenthe Biermans (Katusha Alpecin) m.t<\/p>\n","protected":false},"excerpt":{"rendered":"<p>Il y a eu du spectacle ce mardi en Belgique, et plus particuli\u00e8rement en Wallonie qui accueillait sa derni\u00e8re course professionnelle de la saison. L&rsquo;\u00e9dition 2019 de Binche-Chimay-Binche a \u00e9t\u00e9 tr\u00e8s intense et anim\u00e9e dans ses soixante derniers kilom\u00e8tres, avec \u00e9norm\u00e9ment de mouvements, qui ont r\u00e9sult\u00e9 par le sprint d&rsquo;un groupe r\u00e9duit apr\u00e8s quasiment 200 &hellip;<\/p>\n","protected":false},"author":5,"featured_media":0,"comment_status":"open","ping_status":"open","sticky":false,"template":"","format":"standard","meta":{"footnotes":""},"categories":[17,194,14,15],"tags":[],"class_list":["post-142967","post","type-post","status-publish","format-standard","hentry","category-une","category-binche-chimay-binche","category-resultats","category-route"],"_links":{"self":[{"href":"https:\/\/cyclingpro.net\/velopro\/wp-json\/wp\/v2\/posts\/142967","targetHints":{"allow":["GET"]}}],"collection":[{"href":"https:\/\/cyclingpro.net\/velopro\/wp-json\/wp\/v2\/posts"}],"about":[{"href":"https:\/\/cyclingpro.net\/velopro\/wp-json\/wp\/v2\/types\/post"}],"author":[{"embeddable":true,"href":"https:\/\/cyclingpro.net\/velopro\/wp-json\/wp\/v2\/users\/5"}],"replies":[{"embeddable":true,"href":"https:\/\/cyclingpro.net\/velopro\/wp-json\/wp\/v2\/comments?post=142967"}],"version-history":[{"count":7,"href":"https:\/\/cyclingpro.net\/velopro\/wp-json\/wp\/v2\/posts\/142967\/revisions"}],"predecessor-version":[{"id":143001,"href":"https:\/\/cyclingpro.net\/velopro\/wp-json\/wp\/v2\/posts\/142967\/revisions\/143001"}],"wp:attachment":[{"href":"https:\/\/cyclingpro.net\/velopro\/wp-json\/wp\/v2\/media?parent=142967"}],"wp:term":[{"taxonomy":"category","embeddable":true,"href":"https:\/\/cyclingpro.net\/velopro\/wp-json\/wp\/v2\/categories?post=142967"},{"taxonomy":"post_tag","embeddable":true,"href":"https:\/\/cyclingpro.net\/velopro\/wp-json\/wp\/v2\/tags?post=142967"}],"curies":[{"name":"wp","href":"https:\/\/api.w.org\/{rel}","templated":true}]}}