{"id":142884,"date":"2019-10-08T13:11:26","date_gmt":"2019-10-08T11:11:26","guid":{"rendered":"https:\/\/cyclingpro.net\/velopro\/?p=142884"},"modified":"2019-10-08T13:22:00","modified_gmt":"2019-10-08T11:22:00","slug":"delko-marseille-provence-recrute-jose-manuel-diaz-gallego","status":"publish","type":"post","link":"https:\/\/cyclingpro.net\/velopro\/mercato\/delko-marseille-provence-recrute-jose-manuel-diaz-gallego\/","title":{"rendered":"Delko Marseille Provence recrute Jos\u00e9 Manuel Diaz Gallego"},"content":{"rendered":"<p style=\"text-align: justify;\">Une nouvelle recrue pour Delko Marseille Provence, la huiti\u00e8me, d\u00e9j\u00e0 ! La formation continentale professionnelle, qui prendra l&rsquo;appellation Nippo Delko Marseille Provence l&rsquo;an prochain, a annonc\u00e9 ce mardi la signature du jeune Espagnol\u00a0Jos\u00e9 Manuel Diaz Gallego. Apr\u00e8s deux saisons chez Israel Cycling Academy, le coureur de 24 ans a \u00e9volu\u00e9 dans les rangs de l&rsquo;\u00e9quipe Vorarlberg-Santic cette ann\u00e9e. Il s&rsquo;est notamment class\u00e9 7e du Tour de Savoie Mont Blanc, 11e du Tour d&rsquo;Autriche et 12e de la Fl\u00e8che du Sud. Plus r\u00e9cemment, il a r\u00e9colt\u00e9 le maillot de meilleur grimpeur sur le Tour de R\u00e9publique Tch\u00e8que.\u00a0<em>\u00ab\u00a0C\u2019est un r\u00e9el plaisir que d\u2019int\u00e9grer le Team Delko Marseille Provence pour les deux prochaines saisons<\/em>, a indiqu\u00e9 Diaz Gallego.<em> J\u2019esp\u00e8re pouvoir performer en montagne, et aussi \u00eatre d\u2019une bonne aide pour mes co\u00e9quipiers. M\u00eame si je dois encore progresser, j\u2019aimerais \u00eatre l\u2019un des meilleurs grimpeurs\u00a0!\u00a0<\/em>\u00bb. Son futur directeur sportif\u00a0Gorka Gerrikagoitia a eu les mots suivants \u00e0 son \u00e9gard :<em>\u00ab Jos\u00e9 Manuel a \u00e9t\u00e9 l\u2019un des meilleurs cyclistes amateurs de son temps. C\u2019est un coureur encore jeune, et qui a beaucoup de talent. Le Team a besoin de grimpeurs, sa place est toute trouv\u00e9e ! \u00bb<\/em><\/p>\n","protected":false},"excerpt":{"rendered":"<p>Une nouvelle recrue pour Delko Marseille Provence, la huiti\u00e8me, d\u00e9j\u00e0 ! La formation continentale professionnelle, qui prendra l&rsquo;appellation Nippo Delko Marseille Provence l&rsquo;an prochain, a annonc\u00e9 ce mardi la signature du jeune Espagnol\u00a0Jos\u00e9 Manuel Diaz Gallego. Apr\u00e8s deux saisons chez Israel Cycling Academy, le coureur de 24 ans a \u00e9volu\u00e9 dans les rangs de l&rsquo;\u00e9quipe &hellip;<\/p>\n","protected":false},"author":5,"featured_media":142888,"comment_status":"open","ping_status":"open","sticky":false,"template":"","format":"standard","meta":{"footnotes":""},"categories":[11,15,10],"tags":[],"class_list":["post-142884","post","type-post","status-publish","format-standard","has-post-thumbnail","hentry","category-news-niveau-2","category-route","category-mercato"],"_links":{"self":[{"href":"https:\/\/cyclingpro.net\/velopro\/wp-json\/wp\/v2\/posts\/142884","targetHints":{"allow":["GET"]}}],"collection":[{"href":"https:\/\/cyclingpro.net\/velopro\/wp-json\/wp\/v2\/posts"}],"about":[{"href":"https:\/\/cyclingpro.net\/velopro\/wp-json\/wp\/v2\/types\/post"}],"author":[{"embeddable":true,"href":"https:\/\/cyclingpro.net\/velopro\/wp-json\/wp\/v2\/users\/5"}],"replies":[{"embeddable":true,"href":"https:\/\/cyclingpro.net\/velopro\/wp-json\/wp\/v2\/comments?post=142884"}],"version-history":[{"count":3,"href":"https:\/\/cyclingpro.net\/velopro\/wp-json\/wp\/v2\/posts\/142884\/revisions"}],"predecessor-version":[{"id":142889,"href":"https:\/\/cyclingpro.net\/velopro\/wp-json\/wp\/v2\/posts\/142884\/revisions\/142889"}],"wp:featuredmedia":[{"embeddable":true,"href":"https:\/\/cyclingpro.net\/velopro\/wp-json\/wp\/v2\/media\/142888"}],"wp:attachment":[{"href":"https:\/\/cyclingpro.net\/velopro\/wp-json\/wp\/v2\/media?parent=142884"}],"wp:term":[{"taxonomy":"category","embeddable":true,"href":"https:\/\/cyclingpro.net\/velopro\/wp-json\/wp\/v2\/categories?post=142884"},{"taxonomy":"post_tag","embeddable":true,"href":"https:\/\/cyclingpro.net\/velopro\/wp-json\/wp\/v2\/tags?post=142884"}],"curies":[{"name":"wp","href":"https:\/\/api.w.org\/{rel}","templated":true}]}}