{"id":142848,"date":"2019-10-08T11:41:43","date_gmt":"2019-10-08T09:41:43","guid":{"rendered":"https:\/\/cyclingpro.net\/velopro\/?p=142848"},"modified":"2019-10-08T16:44:51","modified_gmt":"2019-10-08T14:44:51","slug":"trois-vallees-varesines","status":"publish","type":"post","link":"https:\/\/cyclingpro.net\/velopro\/course\/trevallivaresine\/trois-vallees-varesines\/","title":{"rendered":"Trois Vall\u00e9es Var\u00e9sines : La course en direct comment\u00e9"},"content":{"rendered":"<p><strong>RadioTour<\/strong><br \/>\n<iframe style=\"border: 0; width: 305px; height: 95px; overflow: hidden;\" src=\"https:\/\/zello.com\/channel-listen-widget?channel=VeloPro.fr%20radiotour\" scrolling=\"no\"><span data-mce-type=\"bookmark\" style=\"display: inline-block; width: 0px; overflow: hidden; line-height: 0;\" class=\"mce_SELRES_start\">\ufeff<\/span><span data-mce-type=\"bookmark\" style=\"display: inline-block; width: 0px; overflow: hidden; line-height: 0;\" class=\"mce_SELRES_start\">\ufeff<\/span><\/iframe><br \/>\n<em>* Pour activer Radiotour, veuillez activer le son dans l&rsquo;encart ci-dessus.<\/em><br \/>\n<em>* Le streaming de Radiotour est transmis depuis notre v\u00e9hicule en course, des d\u00e9connexions sont donc possibles.<\/em><br \/>\n<em>* \u00c0 l&rsquo;approche de l&rsquo;arriv\u00e9e, notre v\u00e9hicule doit se porter plus \u00e0 l&rsquo;avant pour que nos reporteurs sur place puissent vous proposer des r\u00e9actions des coureurs sur la ligne d&rsquo;arriv\u00e9e via <a href=\"https:\/\/www.youtube.com\/channel\/UCAKkRVGHv4uHTM5S2jSzLDQ?view_as=subscriber\">la cha\u00eene YouTube de Cycling Pro Net<\/a>. Par cons\u00e9quent, nous ne serons plus en mesure de transmettre RadioTour dans les derniers kilom\u00e8tres<\/em><\/p>\n<p>&#8212;&#8212;-<\/p>\n<p><a href=\"https:\/\/cyclingpro.net\/velopro\/wp-content\/uploads\/2019\/10\/Capture-d\u2019e\u0301cran-2019-10-08-a\u0300-09.13.01.png\"><img loading=\"lazy\" decoding=\"async\" class=\"wp-image-142822 alignright\" src=\"https:\/\/cyclingpro.net\/velopro\/wp-content\/uploads\/2019\/10\/Capture-d\u2019e\u0301cran-2019-10-08-a\u0300-09.13.01.png\" alt=\"\" width=\"500\" height=\"218\" srcset=\"https:\/\/cyclingpro.net\/velopro\/wp-content\/uploads\/2019\/10\/Capture-d\u2019e\u0301cran-2019-10-08-a\u0300-09.13.01.png 1374w, https:\/\/cyclingpro.net\/velopro\/wp-content\/uploads\/2019\/10\/Capture-d\u2019e\u0301cran-2019-10-08-a\u0300-09.13.01-300x131.png 300w, https:\/\/cyclingpro.net\/velopro\/wp-content\/uploads\/2019\/10\/Capture-d\u2019e\u0301cran-2019-10-08-a\u0300-09.13.01-768x335.png 768w, https:\/\/cyclingpro.net\/velopro\/wp-content\/uploads\/2019\/10\/Capture-d\u2019e\u0301cran-2019-10-08-a\u0300-09.13.01-1024x447.png 1024w\" sizes=\"auto, (max-width: 500px) 100vw, 500px\" \/><\/a><strong>16h44 &#8211; arriv\u00e9e<\/strong><br \/>\nFinal tr\u00e8s particulier aujourd&rsquo;hui sur les Trois Vall\u00e9es Var\u00e9sines avec cette erreur de parcours qui aura tout chang\u00e9.<\/p>\n<p>Plus d&rsquo;informations \u00e0 venir sur le site.<\/p>\n<p>Merci \u00e0 toutes et \u00e0 tous de nous avoir suivi.<\/p>\n<p><strong>16h35 &#8211; arriv\u00e9e<\/strong><br \/>\nVisconti r\u00e8gle le sprint pour la 2e place. Skujins fait 3e, Vendrame 4e.<\/p>\n<p><strong>16h34 &#8211; arriv\u00e9e<\/strong><br \/>\nET victoire de Roglic, sa deuxi\u00e8me en quatre jours !!<\/p>\n<p><strong>16h33 &#8211;\u00a0<\/strong><br \/>\nRoglic est \u00e9galement l\u00e0 et Sanchez est repris in extremis.<\/p>\n<p>Le Slov\u00e8ne place un contre et personne ne r\u00e9agit.<\/p>\n<p><strong>16h32 &#8211;\u00a0<\/strong><br \/>\nMoscon y va aussi !<\/p>\n<p><strong>16h32 &#8211; 1 km de l&rsquo;arriv\u00e9e<\/strong><br \/>\nLatour sort en contre.<\/p>\n<p><strong>16h31 &#8211; 1,5 km de l&rsquo;arriv\u00e9e<\/strong><br \/>\nSanchez r\u00e9siste encore et toujours : 9 secondes !!<\/p>\n<p>Personne n&rsquo;attaque dans le peloton.<\/p>\n<p><strong>16h29 &#8211;\u00a0<\/strong><br \/>\nWellens est parmi les poursuivants.<\/p>\n<p><strong>16h29 &#8211;\u00a0<\/strong><br \/>\nSanchez perd quelques secondes.<\/p>\n<p><strong>16h28 &#8211; 3 km de l&rsquo;arriv\u00e9e<\/strong><br \/>\n10 secondes pour Sanchez, qui r\u00e9siste.<\/p>\n<p><strong>16h27 &#8211;\u00a0<\/strong><br \/>\nEnviron 20 coureurs dans la poursuite.<\/p>\n<p><strong>16h26 &#8211; 5 km de l&rsquo;arriv\u00e9e<\/strong><br \/>\nSanchez n&rsquo;a plus que 40 m\u00e8tres d&rsquo;avance et on descend d\u00e9sormais.<\/p>\n<p><strong>16h25 &#8211;<\/strong><br \/>\nIneos se met \u00e0 la planche pour Moscon. Sanchez en ligne de mire.<\/p>\n<p><strong>16h24 &#8211; 7 km de l&rsquo;arriv\u00e9e<\/strong><br \/>\nPlus que 13 secondes pour Sanchez sur un groupe comprenant Moscon, Tao, Puccio, Fuglsang, Vendrame, Latour ou bien ROglic.<\/p>\n<p><strong>1<\/strong><strong>6h21 &#8211; 9 km de l&rsquo;arriv\u00e9e<\/strong><br \/>\n27 secondes pour Sanchez sur le \u00ab\u00a0peloton\u00a0\u00bb qui explose dans la deuxi\u00e8me bosse du circuit.<\/p>\n<p><strong>16h20 &#8211; 9 km de l&rsquo;arriv\u00e9e<\/strong><br \/>\nLe groupe Nibali-Valverde-Gaudu (etc) est \u00e0 1&rsquo;10 de Sanchez.<\/p>\n<p><strong>16h19 &#8211; 11 km de l&rsquo;arriv\u00e9e<\/strong><br \/>\nEn se trompant de parcours, les poursuivants se sont m\u00eame retrouv\u00e9s derri\u00e8re le peloton !!! C&rsquo;est fini pour eux.<\/p>\n<p>Le peloton o\u00f9 figure Roglic pointe \u00e0 40 secondes de Sanchez.<\/p>\n<p><strong>16h14 &#8211;\u00a0<\/strong><br \/>\nUne moto s&rsquo;est tromp\u00e9e de chemin, induisant le reste des coureurs en erreur.<\/p>\n<p>Sanchez compte d\u00e9sormais 40 secondes d&rsquo;avance.<\/p>\n<p><strong>16h13 &#8211; 13 km de l&rsquo;arriv\u00e9e<\/strong><br \/>\nSanchez en profite pour reprendre de l&rsquo;avance.<\/p>\n<p><strong>16h12 &#8211; 14 km de l&rsquo;arriv\u00e9e<\/strong><br \/>\nErreur de parcours pour les poursuivants !!! Tout le monde a \u00e9t\u00e9 tromp\u00e9 ou presque. Il faut du temps pour tout remettre en marche.<\/p>\n<p><strong>16h09 &#8211;\u00a0<\/strong><br \/>\n\u00c0 peine revenu de l&rsquo;arri\u00e8re, Nibali relance dans la poursuite, notamment en descente.<\/p>\n<p><strong>16h07 &#8211;\u00a0<\/strong><br \/>\nLa Groupama-FDJ en surnombre fait le train dans la poursuite.<\/p>\n<p><strong>16h06 &#8211; 19 km de l&rsquo;arriv\u00e9e<\/strong><br \/>\nLe reste de l&rsquo;\u00e9chapp\u00e9e est en ligne de mire du peloton o\u00f9 se produisent des contres : Aranburu et Nibali notamment.<\/p>\n<p>20 secondes d&rsquo;avance pour Sanchez.<\/p>\n<p><strong>16h04 &#8211; 20 km de l&rsquo;arriv\u00e9e<\/strong><br \/>\nSanchez a fait le trou et est d\u00e9sormais parti pour un solo &#8230; Jusqu&rsquo;au bout ?<\/p>\n<p><strong>16h03 &#8211;\u00a0<\/strong><br \/>\nGros contre de Sanchez dans Montello alors que Mollema recolle au groupe d&rsquo;\u00e9chapp\u00e9s.<\/p>\n<p><strong>16h01 &#8211;\u00a0<\/strong><br \/>\nC&rsquo;est parti pour la derni\u00e8re ascension de Montello.<br \/>\nLe peloton se rapproche \u00e0 15 secondes gr\u00e2ce au travail de la Bahrain et de la Trek.<\/p>\n<p>Madouas \u00e0 l&rsquo;attaque avec Sanchez.<\/p>\n<p><strong>15h59 &#8211; 25 km de l&rsquo;arriv\u00e9e<\/strong><br \/>\nDernier tour ! Dans le peloton, le tenant du titre Toms Skujins se met \u00e0 la planche.<\/p>\n<p><strong>15h57 &#8211;\u00a0<\/strong><br \/>\nLa collaboration est correcte en t\u00eate, sans plus. L&rsquo;\u00e9cart est de 30 secondes avec le reste du peloton.<\/p>\n<p><strong>15h57 &#8211; 26 km de l&rsquo;arriv\u00e9e<\/strong><br \/>\nNeri travaille pour Visconti.<\/p>\n<p><strong>15h55 &#8211;\u00a0<\/strong><br \/>\nGaudu fait beaucoup d&rsquo;efforts en t\u00eate.<\/p>\n<p>Composition de l&rsquo;\u00e9chapp\u00e9e :\u00a0Woods, Dunbar, Valverde, Keldermann Bennett, Teuns, Formolo, D. Martin, Ulissi, Gaudu, Madouas, Molard, Frank, Luis Leon Sanchez.<\/p>\n<p><strong>15h54 &#8211; 27 km de l&rsquo;arriv\u00e9e<\/strong><br \/>\n20 secondes d&rsquo;avance pour les 14 de t\u00eate sur un peloton emmen\u00e9 par Trek et Neri Sottoli.<\/p>\n<p><strong>15h53 &#8211;\u00a0<\/strong><br \/>\nFormolo relance dans une portion montante. Madouas est l\u00e0 aussi.<\/p>\n<p><strong>15h51 &#8211;\u00a0<\/strong><br \/>\n14 coureurs en t\u00eate dont Luis Leon Sanchez, qui relance.<\/p>\n<p><strong>1<\/strong><strong>5h48 &#8211; 33 km de l&rsquo;arriv\u00e9e<\/strong><br \/>\nWoods, Dunbar, Valverde, Keldermann Bennett, Teuns, Formolo, Martin, Gaudu, Molard Frank Ulissi devant.<\/p>\n<p><strong>15h47 &#8211; 33 km de l&rsquo;arriv\u00e9e<\/strong><br \/>\nLes favoris sont d\u00e9j\u00e0 en action. Dan Martin joue les premiers r\u00f4les aussi. Une quinzaine de coureurs en t\u00eate.<\/p>\n<p><strong>15h46 &#8211; 34 km de l&rsquo;arriv\u00e9e<\/strong><br \/>\nKeldermann relance alors que Molard, Dunbar, Valverde, Formolo commencent \u00e0 se montrer.<\/p>\n<p><strong>15h44 &#8211; 35 km de l&rsquo;arriv\u00e9e<\/strong><br \/>\nKeldermann fait la jonction alors que Bahrain roule derri\u00e8re.<\/p>\n<p><strong>15h43 &#8211;\u00a0<\/strong><br \/>\nBennett et Gaudu sont sortis !<\/p>\n<p><strong>15h41 &#8211; 37 km de l&rsquo;arriv\u00e9e<\/strong><br \/>\nLe peloton acc\u00e9l\u00e8re \u00e9galement et l&rsquo;homme de t\u00eate rend les armes.<\/p>\n<p>Regroupement g\u00e9n\u00e9ral !<\/p>\n<p><strong>15h41 &#8211;\u00a0<\/strong><br \/>\nBallerini se d\u00e9tache seul en t\u00eate. Gogl repris par le peloton.<\/p>\n<p><strong>15h38 &#8211;\u00a0<\/strong><br \/>\nGroupama-FDJ et Bahrain-Merida sont \u00e0 la m\u00e8ne.<\/p>\n<p><strong>15h33 &#8211;\u00a0<\/strong><br \/>\nHerrada a \u00e9t\u00e9 repris par le peloton qui n&rsquo;est plus qu&rsquo;\u00e0 30 secondes du duo Ballerini-Gogl.<\/p>\n<p><strong>15h29 &#8211;\u00a0<\/strong><br \/>\nJose Herrada l\u00e2ch\u00e9 de l&rsquo;\u00e9chapp\u00e9e alors que Bahrain-Merida vient aider en poursuite.<\/p>\n<p><strong>15h24 &#8211;\u00a0<\/strong><br \/>\n1&rsquo;10 au passage sur la ligne.<\/p>\n<p><strong>15h22 &#8211; 54 kilom\u00e8tres de l&rsquo;arriv\u00e9e<\/strong><br \/>\nLes cinq tours du petit circuit sont termin\u00e9s. Place \u00e0 la grande boucle de 27 km \u00e0 couvrir deux fois.<\/p>\n<p><strong>15h18 &#8211;\u00a0<\/strong><br \/>\n1&rsquo;24 au dernier pointage.<\/p>\n<p><strong>15h17 &#8211;\u00a0<\/strong><br \/>\nPlus que 3 kilom\u00e8tres avant l&rsquo;entame du premier des deux tours du \u00ab\u00a0grand\u00a0\u00bb circuit (27 km).<\/p>\n<p><strong>1<\/strong><strong>5h13 &#8211; 60 km de l&rsquo;arriv\u00e9e<\/strong><br \/>\nIl fait par ailleurs 17\u00b0c mais le ciel est nuageux, il fait donc relativement frais \u00e0 Var\u00e8se en ce moment.<\/p>\n<p><strong>15h09 &#8211;\u00a0<\/strong><br \/>\nC&rsquo;est toujours la Jumbo-Visma qui roule dans le paquet, 1&rsquo;20 derri\u00e8re les trois fuyards.<\/p>\n<p><strong>15h03 &#8211; 67 km de l&rsquo;arriv\u00e9e<\/strong><br \/>\nLes \u00e9chapp\u00e9s entament le dernier tour du petit circuit !<\/p>\n<p><strong>14h59 &#8211;\u00a0<\/strong><br \/>\n1&rsquo;30 pour Herrada, Gogl et Ballerini.<\/p>\n<p><strong>14h53 &#8211;\u00a0<\/strong><br \/>\nLe peloton acc\u00e9l\u00e8re \u00e0 nouveau : 1&rsquo;15.<\/p>\n<p><strong>14h46 &#8211; 80 km de l&rsquo;arriv\u00e9e<\/strong><br \/>\nFin du 3e tour du petit circuit. L&rsquo;\u00e9cart est de 1&rsquo;30 pour le trio de rescap\u00e9s.<\/p>\n<p><strong>14h40 &#8211;\u00a0<\/strong><br \/>\nL&rsquo;\u00e9chapp\u00e9e, ou du moins ce qu&rsquo;il en reste reprend du champ : 1&rsquo;50<\/p>\n<p><strong>14h39 &#8211;\u00a0<\/strong><br \/>\nAbandon du champion du monde Mads Pedersen, qui n&rsquo;\u00e9tait pas \u00e0 100% apr\u00e8s un rhume survenu la semaine pass\u00e9e.<\/p>\n<p><strong>14h31 &#8211;\u00a0<\/strong><br \/>\nMarengo c\u00e8de \u00e0 son tour. Ils ne sont plus que 3 devant.<\/p>\n<p><strong>14h23 &#8211;\u00a0<\/strong><br \/>\nTao Geoghegan Hart (Team Ineos) se montre remuant au sein du peloton.<\/p>\n<p><strong>14h21 &#8211;<\/strong><br \/>\nFrapporti et Agnoli sont distanc\u00e9s de l&rsquo;\u00e9chapp\u00e9e o\u00f9 il ne reste plus que Ballerini, Gogl, Marengo et Herrada.<\/p>\n<p><strong>14h15 &#8211;\u00a0<\/strong><br \/>\nGrosse acc\u00e9l\u00e9ration dans le peloton par l&rsquo;interm\u00e9diaire de la Lotto-Soudal. L&rsquo;\u00e9cart tombe sous la minute !<\/p>\n<p><strong>14h09 &#8211;\u00a0<\/strong><br \/>\nFin du premier petit tour. 1&rsquo;45 de diff\u00e9rence entre le peloton et l&rsquo;\u00e9chapp\u00e9e.<\/p>\n<p><strong>13h55 &#8211; 108 km de l&rsquo;arriv\u00e9e<\/strong><br \/>\n42,8 km\/h de moyenne apr\u00e8s deux heures de course.<\/p>\n<p><strong>13h52 &#8211;\u00a0<\/strong><br \/>\nPlusieurs coureurs profitent du passage sur la ligne pour &#8230; abandonner. Sebastien Reichenbach (Groupama-FDJ) en fait partie.<\/p>\n<p><strong>13h47 &#8211;\u00a0<\/strong><br \/>\nLe premier des cinq tours du \u00ab\u00a0petit\u00a0\u00bb circuit local va d\u00e9buter.<\/p>\n<p><strong>13h40 &#8211;\u00a0<\/strong><br \/>\nL&rsquo;\u00e9chapp\u00e9 entre \u00e0 Var\u00e8se avec 1&rsquo;42 d&rsquo;avance.<\/p>\n<p><strong>13h28 &#8211; 128 km de l&rsquo;arriv\u00e9e<\/strong><br \/>\nLes coureurs approchent du sommet de la Motta Rossa. Ils descendront ensuite vers Var\u00e8se pour les premiers tours de circuit.<\/p>\n<p>1&rsquo;50 pour les 6 \u00e9chapp\u00e9s sur le peloton o\u00f9 Jumbo-Visma continue d&rsquo;imprimer le tempo.<\/p>\n<p><strong>13h24 &#8211;\u00a0<\/strong><br \/>\nL&rsquo;\u00e9cart passe sous les deux minutes !<\/p>\n<p><strong>13h11 &#8211; 137 km de l&rsquo;arriv\u00e9e<\/strong><br \/>\nLes premi\u00e8res v\u00e9ritables reliefs se profilent alors que l&rsquo;\u00e9cart se maintient \u00e0 environ 2&rsquo;15.<\/p>\n<p><strong>13h01 &#8211;\u00a0<\/strong><br \/>\n2&rsquo;16 d\u00e9sormais pour\u00a0Michael Gogl (Trek-Segafredo), Valerio Agnoli (Bahrain-Merida), Davide Ballerini (Astana), Mattia Frapporti (Androni-Sidermec), Umberto Marengo (Neri Sottoli-Selle Italia) et Jose Herrada (Cofidis).<\/p>\n<p><strong>12h54 &#8211;\u00a0<\/strong><br \/>\n45,1 km\/h de moyenne dans la premi\u00e8re heure.<\/p>\n<p>Le dernier \u00e9cart communiqu\u00e9 est de 2&rsquo;30.<\/p>\n<p><strong>12h45 &#8211; 157 km de l&rsquo;arriv\u00e9e<\/strong><br \/>\n40 kilom\u00e8tres parcourus.<\/p>\n<p><strong>12h39 &#8211;\u00a0<\/strong><br \/>\n2&rsquo;42 : les six \u00e9chapp\u00e9s sont bien musel\u00e9s.<\/p>\n<p><strong>12h32 &#8211;\u00a0<\/strong><br \/>\nKoen Bouwman emm\u00e8ne le peloton pour la Jumbo-Visma.<\/p>\n<p><strong>12h28 &#8211; 170 km de l&rsquo;arriv\u00e9e<\/strong><br \/>\nL&rsquo;\u00e9cart atteint les trois minutes.<\/p>\n<p><strong>12h22 &#8211;\u00a0<\/strong><br \/>\n2&rsquo;40 au dernier pointage<\/p>\n<p><strong>12h17 &#8211;\u00a0<\/strong><br \/>\nJumbo-Visma et &#8230; Bardiani-CSF ont pris les commandes du peloton.<\/p>\n<p><strong>12h11 &#8211; 183 km de l&rsquo;arriv\u00e9e<\/strong><br \/>\n2&rsquo;22 pour les 6 \u00e9chapp\u00e9s.<\/p>\n<p><strong>12h08 &#8211;\u00a0<\/strong><br \/>\n2 minutes au chronom\u00e8tre.<\/p>\n<p><strong>12h06 &#8211; 187 km de l&rsquo;arriv\u00e9e<\/strong><br \/>\nMichael Gogl remporte le premier sprint interm\u00e9diaire du jour.<\/p>\n<p>Pendant ce temps, son co\u00e9quipier champion du monde Mads Pedersen appelle sa voiture.<\/p>\n<p><strong>12h05 &#8211;\u00a0<\/strong><br \/>\nCa y est, l&rsquo;\u00e9cart est fait et l&rsquo;\u00e9chapp\u00e9e du jour bien parti.<\/p>\n<p>Pr\u00e8s de deux minutes entre les 6 fuyards nomm\u00e9s pr\u00e9c\u00e9demment et le peloton.<\/p>\n<p><strong>1<\/strong><strong>2h02 &#8211; 190 km de l&rsquo;arriv\u00e9e<\/strong><br \/>\nEnviron 30 secondes pour ces six hommes qui tentent de faire le forcing.<\/p>\n<p><strong>12h00 &#8211;\u00a0<\/strong><br \/>\nL&rsquo;\u00e9chapp\u00e9e provisoire : Michael Gogl (Trek-Segafredo), Valerio Agnoli (Bahrain-Merida), Davide Ballerini (Astana), Mattia Frapporti (Androni-Sidermec), Umberto Marengo (Neri Sottoli-Selle Italia) et Jose Herrada (Cofidis).<\/p>\n<p><strong>11h59 &#8211;\u00a0<\/strong><br \/>\nAlejandro Osorio (Nippo Vini Fantini) d\u00e9j\u00e0 repris.<\/p>\n<p>Les six de t\u00eate ont 22 secondes d&rsquo;avance.<\/p>\n<p><strong>11h57 &#8211;\u00a0<\/strong><br \/>\n\u00c0 l&rsquo;attaque : Gogl, Agnoli, Ballerini, Frapporti, Marengo et Herrada.<\/p>\n<p>Osorio sort en contre.<\/p>\n<p><strong>11h56 &#8211; 193 km de l&rsquo;arriv\u00e9e<\/strong><br \/>\nUn groupe de six s&rsquo;extrait !<\/p>\n<p><strong>11h56 &#8211;\u00a0<\/strong><br \/>\nD\u00e9part rapide mais pas encore d&rsquo;\u00e9chapp\u00e9es.<\/p>\n<p>Par ailleurs, Umberto Marengo a pris la place de Lorenzo Fortunato chez Neri Sottoli.<\/p>\n<p><strong>11h52 &#8211; 197 km de l&rsquo;arriv\u00e9e<\/strong><br \/>\nEt c&rsquo;est parti, pour de bon !<\/p>\n<p>153 coureurs au d\u00e9part, Alexander Cataford (Israel Cycling Academy) est non-partant.<\/p>\n<p><strong>11h52 &#8211;\u00a0<\/strong><br \/>\nApr\u00e8s une mini-boucles dans les rues de Saronno, les coureurs sont d\u00e9sormais arr\u00eat\u00e9s au km 0.<\/p>\n<p><strong>11h49 &#8211;\u00a0<\/strong><br \/>\nLe d\u00e9part fictif est donn\u00e9.<\/p>\n<p><strong>11h45 &#8211;<\/strong><br \/>\nEn attendant que la course d\u00e9marre vraiment, retrouvez la pr\u00e9sentation <span style=\"text-decoration: underline;\"><strong><a href=\"https:\/\/cyclingpro.net\/velopro\/course\/trevallivaresine\/trois-vallees-varesines-presentation-de-la-99eme-edition\/\">ICI<\/a><\/strong><\/span>.<\/p>\n<p><strong>11h44 &#8211;\u00a0<\/strong><br \/>\nPersonne n&rsquo;\u00e9tait pr\u00eat pour ce d\u00e9part anticip\u00e9. Le d\u00e9fil\u00e9 n&rsquo;a donc pas encore d\u00e9but\u00e9.<\/p>\n<p><strong>11h40 &#8211; Avant-course<\/strong><br \/>\nBonjour \u00e0 toutes et \u00e0 tous, bienvenue sur le direct comment\u00e9 des Trois Vall\u00e9es Var\u00e9sines. Le d\u00e9part fictif va \u00eatre donn\u00e9 dans quelques instants.<\/p>\n<p>Un d\u00e9part qui a d&rsquo;ailleurs \u00e9t\u00e9 avanc\u00e9 d&rsquo;une quinzaine de minutes. Les raisons sont pour le moment inconnues.<\/p>\n","protected":false},"excerpt":{"rendered":"<p>RadioTour \ufeff\ufeff * Pour activer Radiotour, veuillez activer le son dans l&rsquo;encart ci-dessus. * Le streaming de Radiotour est transmis depuis notre v\u00e9hicule en course, des d\u00e9connexions sont donc possibles. * \u00c0 l&rsquo;approche de l&rsquo;arriv\u00e9e, notre v\u00e9hicule doit se porter plus \u00e0 l&rsquo;avant pour que nos reporteurs sur place puissent vous proposer des r\u00e9actions des &hellip;<\/p>\n","protected":false},"author":5,"featured_media":9602,"comment_status":"open","ping_status":"open","sticky":false,"template":"","format":"standard","meta":{"footnotes":""},"categories":[17,9,15,185],"tags":[],"class_list":["post-142848","post","type-post","status-publish","format-standard","has-post-thumbnail","hentry","category-une","category-course-en-direct","category-route","category-trevallivaresine"],"_links":{"self":[{"href":"https:\/\/cyclingpro.net\/velopro\/wp-json\/wp\/v2\/posts\/142848","targetHints":{"allow":["GET"]}}],"collection":[{"href":"https:\/\/cyclingpro.net\/velopro\/wp-json\/wp\/v2\/posts"}],"about":[{"href":"https:\/\/cyclingpro.net\/velopro\/wp-json\/wp\/v2\/types\/post"}],"author":[{"embeddable":true,"href":"https:\/\/cyclingpro.net\/velopro\/wp-json\/wp\/v2\/users\/5"}],"replies":[{"embeddable":true,"href":"https:\/\/cyclingpro.net\/velopro\/wp-json\/wp\/v2\/comments?post=142848"}],"version-history":[{"count":107,"href":"https:\/\/cyclingpro.net\/velopro\/wp-json\/wp\/v2\/posts\/142848\/revisions"}],"predecessor-version":[{"id":142966,"href":"https:\/\/cyclingpro.net\/velopro\/wp-json\/wp\/v2\/posts\/142848\/revisions\/142966"}],"wp:featuredmedia":[{"embeddable":true,"href":"https:\/\/cyclingpro.net\/velopro\/wp-json\/wp\/v2\/media\/9602"}],"wp:attachment":[{"href":"https:\/\/cyclingpro.net\/velopro\/wp-json\/wp\/v2\/media?parent=142848"}],"wp:term":[{"taxonomy":"category","embeddable":true,"href":"https:\/\/cyclingpro.net\/velopro\/wp-json\/wp\/v2\/categories?post=142848"},{"taxonomy":"post_tag","embeddable":true,"href":"https:\/\/cyclingpro.net\/velopro\/wp-json\/wp\/v2\/tags?post=142848"}],"curies":[{"name":"wp","href":"https:\/\/api.w.org\/{rel}","templated":true}]}}