{"id":142190,"date":"2019-10-04T11:34:26","date_gmt":"2019-10-04T09:34:26","guid":{"rendered":"https:\/\/cyclingpro.net\/velopro\/?p=142190"},"modified":"2019-10-04T11:34:26","modified_gmt":"2019-10-04T09:34:26","slug":"uae-team-emirates-conclut-son-mercato-avec-la-prolongation-de-rui-costa","status":"publish","type":"post","link":"https:\/\/cyclingpro.net\/velopro\/mercato\/uae-team-emirates-conclut-son-mercato-avec-la-prolongation-de-rui-costa\/","title":{"rendered":"UAE-Team Emirates conclut son mercato avec la prolongation de Rui Costa"},"content":{"rendered":"<p style=\"text-align: justify;\">Comme <span style=\"text-decoration: underline;\"><a href=\"https:\/\/cyclingpro.net\/velopro\/mercato\/groupama-fdj-boucle-son-effectif-avec-les-prolongations-de-benjamin-thomas-et-ignatas-konovalovas\/\">Groupama-FDJ plus t\u00f4t ce vendredi<\/a><\/span>, UAE-Team Emirates a boucl\u00e9 son effectif pour 2020. Avec la prolongation de Rui Costa, l&rsquo;\u00e9quipe des Emirats comptera sur trente coureurs l&rsquo;an prochain. Deuxi\u00e8me du Tour de Romandie et dixi\u00e8me de la course en ligne des Mondiaux cette saison, le champion du monde 2013 poursuit l&rsquo;aventure jusqu&rsquo;\u00e0 fin 2021. Il f\u00eatera ses 33 ans ce samedi.<\/p>\n<p style=\"text-align: justify;\">\u00ab<em> L&rsquo;une de mes priorit\u00e9s \u00e9tait d&rsquo;assurer la continuit\u00e9 de mon avenir en tant que coureur. Je remercie donc l&rsquo;\u00e9quipe UAE de me donner cette opportunit\u00e9 et de me permettre de travailler avec eux \u00e0 la r\u00e9alisation de mes objectifs<\/em>, r\u00e9agissait Costa dans un communiqu\u00e9. <em>C&rsquo;est un grand coup de pouce pour le moral de savoir que j&rsquo;ai la confiance de l&rsquo;\u00e9quipe. Je suis tr\u00e8s content de faire partie du projet men\u00e9 par UAE-Team Emirates.<\/em> \u00bb<\/p>\n<p style=\"text-align: justify;\"><strong>L&rsquo;effectif 2020 d&rsquo;UAE-Team Emirates :\u00a0<\/strong><\/p>\n<p style=\"text-align: justify;\">Andres Camilo Ardila (Col), Fabio Aru (Ita), Mikkel Bjerg (Den), Tom Bohli (Sui), Sven Erik Bystr\u00f8m (Nor), Valerio Conti (Ita),\u00a0 Rui Costa (Por), Alessandro Covi (Ita), David De La Cruz (Esp), Joseph Dombrowski (USA), Davide Formolo (Ita), Fernando Gaviria (Col), Sergio Henao (Col), Alexander Kristoff (Nor), Vegard Stake Laengen (Nor), Marco Marcato (Ita), Brandon McNulty (USA), Yousif Mirza (UAE), Sebastian Molano (Col), Cristian Mu\u00f1oz (Col), Ivo Oliveira (Por), Rui Oliveira (Por), Jasper Philipsen (Bel), Tadej Poga\u010dar (Slo), Jan Polanc (Slo), Edward Ravasi (Ita), Aleksandr Riabushenko (Blr), Maximiliano Richeze (Arg), Oliviero Troia (Ita), Diego Ulissi (Ita).<\/p>\n","protected":false},"excerpt":{"rendered":"<p>Comme Groupama-FDJ plus t\u00f4t ce vendredi, UAE-Team Emirates a boucl\u00e9 son effectif pour 2020. Avec la prolongation de Rui Costa, l&rsquo;\u00e9quipe des Emirats comptera sur trente coureurs l&rsquo;an prochain. Deuxi\u00e8me du Tour de Romandie et dixi\u00e8me de la course en ligne des Mondiaux cette saison, le champion du monde 2013 poursuit l&rsquo;aventure jusqu&rsquo;\u00e0 fin 2021. &hellip;<\/p>\n","protected":false},"author":15,"featured_media":116365,"comment_status":"open","ping_status":"open","sticky":false,"template":"","format":"standard","meta":{"footnotes":""},"categories":[11,25,15,10],"tags":[],"class_list":["post-142190","post","type-post","status-publish","format-standard","has-post-thumbnail","hentry","category-news-niveau-2","category-news","category-route","category-mercato"],"_links":{"self":[{"href":"https:\/\/cyclingpro.net\/velopro\/wp-json\/wp\/v2\/posts\/142190","targetHints":{"allow":["GET"]}}],"collection":[{"href":"https:\/\/cyclingpro.net\/velopro\/wp-json\/wp\/v2\/posts"}],"about":[{"href":"https:\/\/cyclingpro.net\/velopro\/wp-json\/wp\/v2\/types\/post"}],"author":[{"embeddable":true,"href":"https:\/\/cyclingpro.net\/velopro\/wp-json\/wp\/v2\/users\/15"}],"replies":[{"embeddable":true,"href":"https:\/\/cyclingpro.net\/velopro\/wp-json\/wp\/v2\/comments?post=142190"}],"version-history":[{"count":3,"href":"https:\/\/cyclingpro.net\/velopro\/wp-json\/wp\/v2\/posts\/142190\/revisions"}],"predecessor-version":[{"id":142193,"href":"https:\/\/cyclingpro.net\/velopro\/wp-json\/wp\/v2\/posts\/142190\/revisions\/142193"}],"wp:featuredmedia":[{"embeddable":true,"href":"https:\/\/cyclingpro.net\/velopro\/wp-json\/wp\/v2\/media\/116365"}],"wp:attachment":[{"href":"https:\/\/cyclingpro.net\/velopro\/wp-json\/wp\/v2\/media?parent=142190"}],"wp:term":[{"taxonomy":"category","embeddable":true,"href":"https:\/\/cyclingpro.net\/velopro\/wp-json\/wp\/v2\/categories?post=142190"},{"taxonomy":"post_tag","embeddable":true,"href":"https:\/\/cyclingpro.net\/velopro\/wp-json\/wp\/v2\/tags?post=142190"}],"curies":[{"name":"wp","href":"https:\/\/api.w.org\/{rel}","templated":true}]}}