{"id":141338,"date":"2019-09-26T06:07:47","date_gmt":"2019-09-26T04:07:47","guid":{"rendered":"https:\/\/cyclingpro.net\/velopro\/?p=141338"},"modified":"2019-09-26T09:55:38","modified_gmt":"2019-09-26T07:55:38","slug":"mondiaux-hommes-juniors-la-presentationla-liste-des-partants-belgique-1-ramses-debruyne-2-milan-paulus-3-alex-vandenbulcke-4-jago-willems-allemagne-5-marco-brenner-6-luca-dressler-7-michel-hess","status":"publish","type":"post","link":"https:\/\/cyclingpro.net\/velopro\/presentation-course\/mondiaux-hommes-juniors-la-presentationla-liste-des-partants-belgique-1-ramses-debruyne-2-milan-paulus-3-alex-vandenbulcke-4-jago-willems-allemagne-5-marco-brenner-6-luca-dressler-7-michel-hess\/","title":{"rendered":"Mondiaux &#8211; Hommes Juniors : La pr\u00e9sentation"},"content":{"rendered":"<p style=\"text-align: justify;\"><strong>Championnats du Monde au Yorkshire, Hommes Juniors, Course en ligne, jeudi 26 septembre<\/strong><\/p>\n<p style=\"text-align: justify;\"><strong>148,1 km<\/strong><\/p>\n<p><span style=\"text-decoration: underline;\"><strong>Infos<\/strong><\/span><\/p>\n<p style=\"text-align: justify;\">Remco Evenepoel avait surclass\u00e9 la concurrence l&rsquo;an dernier en r\u00e9alisant le doubl\u00e9 chrono et course en ligne. Les chances de voir<strong> Antonio Tiberi<\/strong> r\u00e9aliser le m\u00eame exploit sont assez minces.<\/p>\n<p style=\"text-align: justify;\">Dans la phase initiale, les aventuriers ont la possibilit\u00e9 de s\u2019\u00e9chapper.\u00a0Le Barden Moor attend d\u00e9j\u00e0 apr\u00e8s six kilom\u00e8tres.\u00a0Cette mont\u00e9e est longue de deux kilom\u00e8tres avec un d\u00e9nivel\u00e9 moyen de 4,5%.\u00a0Apr\u00e8s cela, la route sera constamment en montagnes russes pendant la premi\u00e8re heure.\u00a0Nous devons ensuite attendre jusqu&rsquo;\u00e0\u00a0<strong>Cray Hill<\/strong>, avec le sommet situ\u00e9 \u00e0 plus de cent kilom\u00e8tres de l&rsquo;arriv\u00e9e.\u00a0Cette mont\u00e9e a une longueur de 2,6 kilom\u00e8tres avec une augmentation moyenne de 7,7%.\u00a0Pour les pays qui souhaitent entamer la course plus t\u00f4t, c&rsquo;est une excellente occasion de faire en sorte que le peloton s&rsquo;essouffle.<\/p>\n<p style=\"text-align: justify;\">Apr\u00e8s la mi-course, il y aura la longue mont\u00e9e de Hill End (5,7 km -3,4%) pour user les organismes. Le peloton passera la ligne d&rsquo;arriv\u00e9e une premi\u00e8re fois au kilom\u00e8tre 106 et entamera les trois circuits locaux de 14 km avec \u00e0 chaque fois la mont\u00e9e de Moor Road (1,1 km &#8211; 5,6%). L&rsquo;arriv\u00e9e est en faux plat montant.<\/p>\n<p style=\"text-align: justify;\">Au niveau des favoris,\u00a0<strong>Quinn Simmons\u00a0<\/strong>\u00a0s&rsquo;est r\u00e9v\u00e9l\u00e9 presque imbattable cette saison.\u00a0L&rsquo;Am\u00e9ricain de 18 ans \u00e9tait le meilleur \u00e0 Gand-Wevelgem pour les juniors. Il a remport\u00e9 trois \u00e9tapes et le classement final des Trois jours internationaux juniors Axel, a pris deux \u00e9tapes et le classement final du GP R\u00fcebliland. Apr\u00e8s Greg Lemond et Jeff Evanshine, il pourrait \u00eatre le troisi\u00e8me champion du monde am\u00e9ricain en Juniors.<\/p>\n<p style=\"text-align: justify;\">L&rsquo;Allemand <strong>Marco Brenner<\/strong> est\u00a0le grand challenger du grand favori am\u00e9ricain.\u00a0L\u00e0 o\u00f9 Simmons est assez rapide \u00e0 l&rsquo;arriv\u00e9e, Brenner (13 victoires cette saison) doit compter principalement sur sa force.\u00a0Avec cela, il peut faire la diff\u00e9rence et il doit s\u2019\u00e9chapper.\u00a0La seule question est de savoir si le parcours dans le Yorkshire est suffisamment difficile pour cela.\u00a0Il a termin\u00e9 troisi\u00e8me du contre-la-montre du championnat du monde.<\/p>\n<p style=\"text-align: justify;\">Le pays h\u00f4te peut s&rsquo;appuyer \u00e0 une s\u00e9lection tr\u00e8s forte, mais en 44 ans, les Britanniques n&rsquo;ont jamais r\u00e9ussi \u00e0 obtenir un bout de m\u00e9tal dans cette cat\u00e9gorie d&rsquo;\u00e2ge.\u00a0C&rsquo;\u00e9tait \u00e0\u00a0<strong>Samuel Watson\u00a0<\/strong>\u00a0de changer cela.\u00a0Venant du Yorkshire, cela donnera \u00e0 Watson une motivation suppl\u00e9mentaire pour briller.\u00a0Le jeune a grandi avec Tom et Joe Pidcock et est un futur coureur de classiques. Il roule aussi sur la piste et est rapide \u00e0 l\u2019arriv\u00e9e;\u00a0une arme puissante.<\/p>\n<p style=\"text-align: justify;\">Comme la Grande-Bretagne, les Pays-Bas ont plusieurs atouts, mais les deux pays doivent rivaliser avec les \u00c9tats-Unis et surtout avec la solide \u00e9quipe allemande.\u00a0Mais l\u00e0 o\u00f9 Simmons et Brenner excellent dans les courses par \u00e9tapes,\u00a0<strong>Hidde van Veenendaal est<\/strong>\u00a0avant tout un coureur fort d\u2019un jour.\u00a0Il a quand m\u00eame remport\u00e9 le Paris-Roubaix pour les juniors en avril.\u00a0Il \u00e9tait \u00e9galement septi\u00e8me \u00e0 Kuurne-Brussels-Kuurne et \u00e0 la E3 BinckBanck Classic U19.<\/p>\n<p style=\"text-align: justify;\">L\u00e0 o\u00f9 Van Veenendaal peut compter sur sa pointe de vitesse, cela ne s&rsquo;applique pas \u00e0\u00a0<strong>Hugo Toumire<\/strong>\u00a0.\u00a0Le Fran\u00e7ais fort doit quasiment arriver en solo.\u00a0Cela a r\u00e9ussi lors de la premi\u00e8re phase de la Course de la Paix pour juniors, ce qui s\u2019est av\u00e9r\u00e9 suffisant pour la victoire finale.\u00a0Lors de Paris-Roubaix et du GP G\u00e9n\u00e9ral Patton, il a termin\u00e9 deuxi\u00e8me derri\u00e8re Van Veenendaal et Patton.<\/p>\n<p style=\"text-align: justify;\">Dans un deuxi\u00e8me rideau, l&rsquo;Ukrainien <strong>Andrii Ponomar<\/strong>, l&rsquo;Italien <strong>Andrea Piccolo<\/strong>, le N\u00e9erlandais <strong>Lars Boven<\/strong>, le Danois Frederik Wandhal, le Britannique <strong>Leo Hayter<\/strong>, les Belges <strong>Milan Paulus<\/strong> et <strong>Jago Willems <\/strong>sont des outsiders.<\/p>\n<p><span style=\"text-decoration: underline;\"><strong>Carte<\/strong><\/span><\/p>\n<p><img loading=\"lazy\" decoding=\"async\" class=\"alignnone size-medium wp-image-141339\" src=\"https:\/\/cyclingpro.net\/velopro\/wp-content\/uploads\/2019\/09\/Mondial-Juniors-294x300.png\" alt=\"\" width=\"294\" height=\"300\" srcset=\"https:\/\/cyclingpro.net\/velopro\/wp-content\/uploads\/2019\/09\/Mondial-Juniors-294x300.png 294w, https:\/\/cyclingpro.net\/velopro\/wp-content\/uploads\/2019\/09\/Mondial-Juniors.png 575w\" sizes=\"auto, (max-width: 294px) 100vw, 294px\" \/><\/p>\n<p><span style=\"text-decoration: underline;\"><strong>Liste des partants<\/strong><\/span><\/p>\n<p>BELGIQUE<br \/>\n1 Ramses DEBRUYNE<br \/>\n2 Milan PAULUS<br \/>\n3 Alex VANDENBULCKE<br \/>\n4 Jago WILLEMS<\/p>\n<p>ALLEMAGNE<br \/>\n5 Marco BRENNER<br \/>\n6 Luca DRESSLER<br \/>\n7 Michel HESSMANN<br \/>\n8 Georg STEINHAUSER<br \/>\n9 Hannes WILKSCH<\/p>\n<p>ETATS-UNIS<br \/>\n10 Michael GARRISON<br \/>\n11 Gianni LAMPERTI<br \/>\n12 Matthew RICCITELLO<br \/>\n13 Magnus SHEFFIELD<br \/>\n14 Quinn SIMMONS<\/p>\n<p>FRANCE<br \/>\n15 Alex BAUDIN<br \/>\n16 Thibault D&rsquo;HERVEZ<br \/>\n17 Axel LAURANCE<br \/>\n18 Hugo TOUMIRE<br \/>\n19 K\u00e9vin VAUQUELIN<\/p>\n<p>ITALIE<br \/>\n20 Gianmarco GAROFOLI<br \/>\n21 Alessio MARTINELLI<br \/>\n22 Andrea PICCOLO<br \/>\n23 Antonio TIBERI<br \/>\n24 Edoardo ZAMBANINI<\/p>\n<p>NORV\u00c8GE<br \/>\n25 Fredrik Gjesteland FINNESAND<br \/>\n26 Tord GUDMESTAD<br \/>\n27 Sakarias Koller LOLAND<br \/>\n28 Johannes STAUNE-MITTET<br \/>\n29 Vegard STOKKE<\/p>\n<p>DANEMARK<br \/>\n30 Joshua Amos GUDNITZ<br \/>\n31 Emil Schandorff IWERSEN<br \/>\n32 William Blume LEVY<br \/>\n33 Robin Juel SKIVILD<br \/>\n34 Frederik WANDAHL<\/p>\n<p>PAYS-BAS<br \/>\n35 Lars BOVEN<br \/>\n36 Enzo LEIJNSE<br \/>\n37 Axel VAN DER TUUK<br \/>\n38 Casper VAN UDEN<br \/>\n39 Hidde VAN VEENENDAAL<\/p>\n<p>GRANDE-BRETAGNE<br \/>\n40 Lewis ASKEY<br \/>\n41 Alfred GEORGE<br \/>\n42 Leo HAYTER<br \/>\n43 Max WALKER<br \/>\n44 Samuel WATSON<\/p>\n<p>UKRAINE<br \/>\n45 Maksim BILYI<br \/>\n46 Andrii PONOMAR<\/p>\n<p>R\u00c9PUBLIQUE TCH\u00c8QUE<br \/>\n47 Pavel BITTNER<br \/>\n48 Jakub BOUCEK<br \/>\n49 Bruno STOCEK<br \/>\n50 Jakub TOUPALIK<br \/>\n51 Mathias VACEK<\/p>\n<p>CANADA<br \/>\n52 Lukas CARREAU<br \/>\n53 Rapha\u00ebl PARISELLA<br \/>\n54 Riley PICKRELL<br \/>\n55 Jacob RUBULIAK<\/p>\n<p>FINLANDE<br \/>\n56 Samuli OHMAN<br \/>\n57 Veeti VAINIO<\/p>\n<p>KAZAKHSTAN<br \/>\n58 Maxim POPUGAYEV<br \/>\n59 Alexandre VINOKOUROV<br \/>\n60 Nicolas VINOKOUROV<\/p>\n<p>ESPAGNE<br \/>\n61 Igor ARRIETA LIZARRAGA<br \/>\n62 Juan AYUSO PESQUERA<br \/>\n63 Ra\u00f9l GARCIA PIERNA<br \/>\n64 Carlos RODRIGUEZ CANO<\/p>\n<p>JAPON<br \/>\n65 Yugi TSUDA<br \/>\n66 Takumi YAMADA<\/p>\n<p>THA\u00cfLANDE<br \/>\n67 Thak KAEONOI<br \/>\n68 Phurit RODVILAI<br \/>\n69 Tullatorn SOSALAM<\/p>\n<p>NOUVELLE-Z\u00c9LANDE<br \/>\n70 Drew CHRISTENSEN<br \/>\n71 Logan CURRIE<br \/>\n72 Finn FISHER-BLACK<br \/>\n73 Ari SCOTT<br \/>\n74 Reuben THOMPSON<\/p>\n<p>COLOMBIE<br \/>\n75 German Dario GOMEZ BECERRA<br \/>\n76 Miguel Angel HOYOS CASTRO<\/p>\n<p>SU\u00c8DE<br \/>\n77 August H\u00d6GLUND<br \/>\n78 Hjalmar KLYVER<br \/>\n79 Edvin LOVIDIUS<\/p>\n<p>ESTONIE<br \/>\n80 Joonas KURITS<br \/>\n81 Artjom MIRZOJEV<br \/>\n82 Henri TREIMUTH<\/p>\n<p>RWANDA<br \/>\n83 Jean Eric HABIMANA<br \/>\n84 Renus UHIRIWE<\/p>\n<p>LUXEMBOURG<br \/>\n85 Lo\u00efc BETTENDORFF<br \/>\n86 Jo\u00e9 MICHOTTE<br \/>\n87 Mats WENZEL<\/p>\n<p>SLOV\u00c9NIE<br \/>\n88 Aljaz COLNAR<br \/>\n89 Gal GLIVAR<br \/>\n90 Bostjan MURN<\/p>\n<p>IRLANDE<br \/>\n91 Kevin MCCAMBRIDGE<br \/>\n92 Archie RYAN<\/p>\n<p>AUSTRALIE<br \/>\n93 Patrick EDDY<\/p>\n<p>BR\u00c9SIL<br \/>\n94 Vinicius RANGEL COSTA<\/p>\n<p>MEXIQUE<br \/>\n95 Tomas AGUIRRE GARZA<br \/>\n96 Ricardo PENA SALAS<\/p>\n<p>RUSSIE<br \/>\n97 Iakov GUSEV<br \/>\n98 Maksim KULAKOV<\/p>\n<p>LITUANIE<br \/>\n99 Zygimantas MATUZEVICIUS<br \/>\n100 Zygimantas NORUTIS<\/p>\n<p>SLOVAQUIE<br \/>\n101 Marek BUGAR<br \/>\n102 Marek GAJDULA<\/p>\n<p>SUISSE<br \/>\n103 Elia BLUM<br \/>\n104 Fabio CHRISTEN<\/p>\n<p>LETTONIE<br \/>\n105 Roberts ANDERSONS<br \/>\n106 Pauls RUBENIS<\/p>\n<p>AUTRICHE<br \/>\n107 Maximilian KABAS<br \/>\n108 Nikolas RIEGLER<\/p>\n<p>CHILI<br \/>\n109 Felipe Benjamin PIZARRO MANCILLA<br \/>\n110 Cristobal RAMIREZ VERA<\/p>\n<p>AFRIQUE DU SUD<br \/>\n111 Tiano DA SILVA<br \/>\n112 Damon FOUCHEE<\/p>\n<p>PORTUGAL<br \/>\n113 Joao CARVALHO<br \/>\n114 Andr\u00e9 DOMINGUES<\/p>\n<p>POLOGNE<br \/>\n115 Dominik GORAK<br \/>\n116 Milosz OSKO<\/p>\n<p>ISRA\u00cbL<br \/>\n117 Rotem TENE<\/p>\n<p>CROATIE<br \/>\n118 Carlo JURISEVIC<br \/>\n119 Fran MIHOLJEVIC<\/p>\n<p>URUGUAY<br \/>\n120 Thomas SILVA<\/p>\n","protected":false},"excerpt":{"rendered":"<p>Championnats du Monde au Yorkshire, Hommes Juniors, Course en ligne, jeudi 26 septembre 148,1 km Infos Remco Evenepoel avait surclass\u00e9 la concurrence l&rsquo;an dernier en r\u00e9alisant le doubl\u00e9 chrono et course en ligne. Les chances de voir Antonio Tiberi r\u00e9aliser le m\u00eame exploit sont assez minces. Dans la phase initiale, les aventuriers ont la possibilit\u00e9 &hellip;<\/p>\n","protected":false},"author":2,"featured_media":0,"comment_status":"open","ping_status":"open","sticky":false,"template":"","format":"standard","meta":{"footnotes":""},"categories":[11,225,24,15],"tags":[],"class_list":["post-141338","post","type-post","status-publish","format-standard","hentry","category-news-niveau-2","category-championnat-du-monde","category-presentation-course","category-route"],"_links":{"self":[{"href":"https:\/\/cyclingpro.net\/velopro\/wp-json\/wp\/v2\/posts\/141338","targetHints":{"allow":["GET"]}}],"collection":[{"href":"https:\/\/cyclingpro.net\/velopro\/wp-json\/wp\/v2\/posts"}],"about":[{"href":"https:\/\/cyclingpro.net\/velopro\/wp-json\/wp\/v2\/types\/post"}],"author":[{"embeddable":true,"href":"https:\/\/cyclingpro.net\/velopro\/wp-json\/wp\/v2\/users\/2"}],"replies":[{"embeddable":true,"href":"https:\/\/cyclingpro.net\/velopro\/wp-json\/wp\/v2\/comments?post=141338"}],"version-history":[{"count":3,"href":"https:\/\/cyclingpro.net\/velopro\/wp-json\/wp\/v2\/posts\/141338\/revisions"}],"predecessor-version":[{"id":141342,"href":"https:\/\/cyclingpro.net\/velopro\/wp-json\/wp\/v2\/posts\/141338\/revisions\/141342"}],"wp:attachment":[{"href":"https:\/\/cyclingpro.net\/velopro\/wp-json\/wp\/v2\/media?parent=141338"}],"wp:term":[{"taxonomy":"category","embeddable":true,"href":"https:\/\/cyclingpro.net\/velopro\/wp-json\/wp\/v2\/categories?post=141338"},{"taxonomy":"post_tag","embeddable":true,"href":"https:\/\/cyclingpro.net\/velopro\/wp-json\/wp\/v2\/tags?post=141338"}],"curies":[{"name":"wp","href":"https:\/\/api.w.org\/{rel}","templated":true}]}}