{"id":140953,"date":"2019-09-23T06:43:21","date_gmt":"2019-09-23T04:43:21","guid":{"rendered":"https:\/\/cyclingpro.net\/velopro\/?p=140953"},"modified":"2019-09-23T09:01:24","modified_gmt":"2019-09-23T07:01:24","slug":"mondiaux-clm-dames-juniors-la-presentation","status":"publish","type":"post","link":"https:\/\/cyclingpro.net\/velopro\/course\/championnat-du-monde\/mondiaux-clm-dames-juniors-la-presentation\/","title":{"rendered":"Mondiaux &#8211; CLM Dames Juniors : La pr\u00e9sentation"},"content":{"rendered":"<p style=\"text-align: justify;\"><strong>Championnats du Monde au Yorkshire, Dames Juniors, Contre-la-montre, lundi 23 septembre<\/strong><\/p>\n<p style=\"text-align: justify;\"><strong>13,7 km<\/strong><\/p>\n<p><span style=\"text-decoration: underline;\"><strong>Infos<\/strong><\/span><\/p>\n<p style=\"text-align: justify;\">Place au premier chrono individuel de ces Championnats du Monde avec les Dames Juniors. Elles devront effectuer un tour de 13,7 kilom\u00e8tres. Les concurrentes s&rsquo;\u00e9lanceront toutes les minutes trente.<\/p>\n<p style=\"text-align: justify;\">Dans un premier temps, il faut chercher directement la favorite lors du Championnat d&rsquo;Europe \u00e0 Alkmaar. La N\u00e9erlandaise <strong>Shirin Van Anrooij<\/strong> et la Russe <strong>Aigul Gareeva<\/strong> n&rsquo;\u00e9taient s\u00e9par\u00e9es que deux secondes aux Pays-Bas, en faveur de la coureuse batave. Elles joueront certainement les premiers r\u00f4les. La N\u00e9erlandaise a r\u00e9cemment remport\u00e9 le chrono au Watersley Ladies Challenge tandis que la Russe s&rsquo;est pr\u00e9par\u00e9e, plus dans l&rsquo;anonymat au Tour de Toscane.<\/p>\n<p style=\"text-align: justify;\">Derri\u00e8re ces deux candidates, il faudra sans doute se contenter du bronze, m\u00eame si la bonne surprise pourrait venir de la Britannique <strong>Elynor Backstedt<\/strong>. Elle a remport\u00e9 cette saison Gand-Wevelgem et l&rsquo;Omloop van Borsele (dont le chrono). Elle s&rsquo;\u00e9lancera en derni\u00e8re et aura l&rsquo;avantage de connaitre le temps de ses rivales.<\/p>\n<p style=\"text-align: justify;\">C\u00f4te fran\u00e7ais, <strong>L\u00e9a Curinier<\/strong> peut envisager un Top 5. La Championne de France de la discipline a pris la cinqui\u00e8me place du chrono au Watersley Ladies Challenge (2.NCup). Elle pourrait s&rsquo;asseoir de longues minutes sur le Hot Seat, \u00e0 moins que la N\u00e9erlandaise Femke Gerritse ne confirme sa troisi\u00e8me place au chrono de l&rsquo;Omloop van Borsele en d\u00e9but de chrono. Ce sera la premi\u00e8re \u00e0 s&rsquo;\u00e9lancer. L&rsquo;autre Fran\u00e7aise C\u00e9drine Kerboal pourra d\u00e9j\u00e0 \u00eatre contente avec un Top 10.<\/p>\n<p style=\"text-align: justify;\">La Belgique pourrait \u00e9galement jouer les troubles-f\u00eate avec <strong>Julie De Wilde<\/strong>. La Juniore 1 montre de belles choses alors qu&rsquo;elle ne fait pas de v\u00e9lo depuis longtemps. Championne nationale de la sp\u00e9cialit\u00e9, elle pourrait s&rsquo;inviter dans la lutte pour le Top 5 voire plus. La Su\u00e9doise <strong>Wilma Olausson<\/strong> (deuxi\u00e8me du CLM au Watersley Ladies Challenge) entre \u00e9galement en ligne de compte pour la lutte aux breloques. Enfin, m\u00e9fiance \u00e0<strong> Daniela Soler Espinosa<\/strong>, deuxi\u00e8me du Championnat Pan-Am\u00e9ricain du CLM.<\/p>\n<p><span style=\"text-decoration: underline;\"><strong>Carte<\/strong><\/span><\/p>\n<p><img loading=\"lazy\" decoding=\"async\" class=\"alignnone size-medium wp-image-140954\" src=\"https:\/\/cyclingpro.net\/velopro\/wp-content\/uploads\/2019\/09\/Carte-Yorkshire-300x206.png\" alt=\"\" width=\"300\" height=\"206\" srcset=\"https:\/\/cyclingpro.net\/velopro\/wp-content\/uploads\/2019\/09\/Carte-Yorkshire-300x206.png 300w, https:\/\/cyclingpro.net\/velopro\/wp-content\/uploads\/2019\/09\/Carte-Yorkshire-768x529.png 768w, https:\/\/cyclingpro.net\/velopro\/wp-content\/uploads\/2019\/09\/Carte-Yorkshire-110x75.png 110w, https:\/\/cyclingpro.net\/velopro\/wp-content\/uploads\/2019\/09\/Carte-Yorkshire.png 789w\" sizes=\"auto, (max-width: 300px) 100vw, 300px\" \/><\/p>\n<p><span style=\"text-decoration: underline;\"><strong>Ordre des d\u00e9parts<\/strong><\/span><\/p>\n<p>11h10&rsquo;00 50 GERRITSE Femke NED<br \/>\n11h11&rsquo;30 49 BERTELSEN Maria DEN<br \/>\n11h13&rsquo;00 48 CURINIER Lea FRA<br \/>\n11h14&rsquo;30 47 LEONHARDT Paula GER<br \/>\n11h16&rsquo;00 46 VAN SCHOOR Kelsey RSA<br \/>\n11h17&rsquo;30 45 AHACIC Ana SLO<br \/>\n11h19&rsquo;00 44 BURLOVA Kristyna CZE<br \/>\n11h20&rsquo;30 43 LIEHNER Annika SUI<br \/>\n11h22&rsquo;00 42 PRIMEAU Camille CAN<br \/>\n11h23&rsquo;30 41 AMONDARAIN GAZTANAGA Naia ESP<br \/>\n11h25&rsquo;00 40 VELASCO FUENTES Victoria MEX<br \/>\n11h26&rsquo;30 39 KRZESLAK Natalia POL<br \/>\n11h28&rsquo;00 38 JASTRAB Megan USA<br \/>\n11h29&rsquo;30 37 YSLAND Anne Dorthe NOR<br \/>\n11h31&rsquo;00 36 BUKANOVA Diana KAZ<br \/>\n11h32&rsquo;30 35 MILIAEVA Mariia RUS<br \/>\n11h34&rsquo;00 34 COLLINELLI Sofia ITA<br \/>\n11h35&rsquo;30 33 SHARPE Amelia GBR<br \/>\n11h37&rsquo;00 32 CAMPOS Daniela POR<br \/>\n11h38&rsquo;30 31 SVARINSKA Lina LAT<br \/>\n11h40&rsquo;00 30 SHEVCHENKO Sofiia UKR<br \/>\n11h41&rsquo;30 29 JENSEN Mette Egtoft DEN<br \/>\n11h43&rsquo;00 28 GEDRAITYTE Akvile LTU<br \/>\n11h44&rsquo;30 27 KERBAOL Cedrine FRA<br \/>\n11h46&rsquo;00 26 GILLESPIE Lara IRL<br \/>\n11h47&rsquo;30 25 BOS Leonie NED<br \/>\n11h49&rsquo;00 24 MAYRHOFER Lucy GER<br \/>\n11h50&rsquo;30 23 JANSE VAN RENSBURG Frances RSA<br \/>\n11h52&rsquo;00 22 JANDOVA Veronika CZE<br \/>\n11h53&rsquo;30 21 JORDAN Dorka HUN<br \/>\n11h55&rsquo;00 20 RUEGG Noemi SUI<br \/>\n11h56&rsquo;30 19 BERTON Nina LUX<br \/>\n11h58&rsquo;00 18 JANCIC Nika SLO<br \/>\n11h59&rsquo;30 17 JENCUSOVA Nora SVK<br \/>\n12h01&rsquo;00 16 VALLIERES MILL Magdeleine CAN<br \/>\n12h02&rsquo;30 15 PUIGDEFABREGAS ARIZ Irati ESP<br \/>\n12h04&rsquo;00 14 ACEVEDO MENDOZA Yareli MEX<br \/>\n12h05&rsquo;30 13 KOWALSKA Julia POL<br \/>\n12h07&rsquo;00 12 DE WILDE Julie BEL<br \/>\n12h08&rsquo;30 11 TA-PEREZ Zoe USA<br \/>\n12h10&rsquo;00 10 BYBERG Tuva NOR<br \/>\n12h11&rsquo;30 9 WYLLIE Ella NZL<br \/>\n12h13&rsquo;00 8 SOLER ESPINOSA Daniela COL<br \/>\n12h14&rsquo;30 7 OLAUSSON Wilma SWE<br \/>\n12h16&rsquo;00 6 SOTO CAMPOS Catalina Anais CHI<br \/>\n12h17&rsquo;30 5 SUKHOREBRIK Ulyana KAZ<br \/>\n12h19&rsquo;00 4 VAN ANROOIJ Shirin NED<br \/>\n12h20&rsquo;30 3 GAREEVA Aigul RUS<br \/>\n12h22&rsquo;00 2 ALESSIO Camilla ITA<br \/>\n12h23&rsquo;30 1 BACKSTEDT Elynor GBR<\/p>\n<p>&nbsp;<\/p>\n","protected":false},"excerpt":{"rendered":"<p>Championnats du Monde au Yorkshire, Dames Juniors, Contre-la-montre, lundi 23 septembre 13,7 km Infos Place au premier chrono individuel de ces Championnats du Monde avec les Dames Juniors. Elles devront effectuer un tour de 13,7 kilom\u00e8tres. Les concurrentes s&rsquo;\u00e9lanceront toutes les minutes trente. Dans un premier temps, il faut chercher directement la favorite lors du &hellip;<\/p>\n","protected":false},"author":2,"featured_media":140954,"comment_status":"open","ping_status":"open","sticky":false,"template":"","format":"standard","meta":{"footnotes":""},"categories":[17,225,24,15],"tags":[],"class_list":["post-140953","post","type-post","status-publish","format-standard","has-post-thumbnail","hentry","category-une","category-championnat-du-monde","category-presentation-course","category-route"],"_links":{"self":[{"href":"https:\/\/cyclingpro.net\/velopro\/wp-json\/wp\/v2\/posts\/140953","targetHints":{"allow":["GET"]}}],"collection":[{"href":"https:\/\/cyclingpro.net\/velopro\/wp-json\/wp\/v2\/posts"}],"about":[{"href":"https:\/\/cyclingpro.net\/velopro\/wp-json\/wp\/v2\/types\/post"}],"author":[{"embeddable":true,"href":"https:\/\/cyclingpro.net\/velopro\/wp-json\/wp\/v2\/users\/2"}],"replies":[{"embeddable":true,"href":"https:\/\/cyclingpro.net\/velopro\/wp-json\/wp\/v2\/comments?post=140953"}],"version-history":[{"count":5,"href":"https:\/\/cyclingpro.net\/velopro\/wp-json\/wp\/v2\/posts\/140953\/revisions"}],"predecessor-version":[{"id":140965,"href":"https:\/\/cyclingpro.net\/velopro\/wp-json\/wp\/v2\/posts\/140953\/revisions\/140965"}],"wp:featuredmedia":[{"embeddable":true,"href":"https:\/\/cyclingpro.net\/velopro\/wp-json\/wp\/v2\/media\/140954"}],"wp:attachment":[{"href":"https:\/\/cyclingpro.net\/velopro\/wp-json\/wp\/v2\/media?parent=140953"}],"wp:term":[{"taxonomy":"category","embeddable":true,"href":"https:\/\/cyclingpro.net\/velopro\/wp-json\/wp\/v2\/categories?post=140953"},{"taxonomy":"post_tag","embeddable":true,"href":"https:\/\/cyclingpro.net\/velopro\/wp-json\/wp\/v2\/tags?post=140953"}],"curies":[{"name":"wp","href":"https:\/\/api.w.org\/{rel}","templated":true}]}}