{"id":140899,"date":"2019-09-22T16:47:59","date_gmt":"2019-09-22T14:47:59","guid":{"rendered":"https:\/\/cyclingpro.net\/velopro\/?p=140899"},"modified":"2019-09-22T18:29:37","modified_gmt":"2019-09-22T16:29:37","slug":"mondiaux-relais-mixte-les-pays-bas-affirment-leur-superiorite","status":"publish","type":"post","link":"https:\/\/cyclingpro.net\/velopro\/course\/championnat-du-monde\/mondiaux-relais-mixte-les-pays-bas-affirment-leur-superiorite\/","title":{"rendered":"Mondiaux &#8211; Relais Mixte : Les Pays-Bas affirment leur sup\u00e9riorit\u00e9"},"content":{"rendered":"<p style=\"text-align: justify;\"><em>Adieu le contre-la-montre par \u00e9quipes de marque, place au relais mixte! Les Championnats du monde du Yorkshire d\u00e9butaient ce dimanche avec cette nouvelle \u00e9preuve. Il y avait alors 28 kilom\u00e8tres \u00e0 couvrir, soit deux tours du circuit dessin\u00e9 \u00e0 Harrogate. Le trio masculin de chaque nation effectuait la premi\u00e8re boucle, le trio f\u00e9minin la seconde. Vainqueurs de l&rsquo;\u00e9preuve aux Championnats d&rsquo;Europe, les N\u00e9erlandais ont doubl\u00e9 la mise en dominant les Allemands et les Britanniques. L&rsquo;\u00e9quipe de France a pris la cinqui\u00e8me place.<\/em><\/p>\n<p style=\"text-align: justify;\">Les premi\u00e8res nations s&rsquo;\u00e9lancent sous la pluie avant que les pr\u00e9cipitations ne cessent \u00e0 l&rsquo;arriv\u00e9e sur la rampe des \u00e9quipes favorites. C&rsquo;est tout de m\u00eame sur route mouill\u00e9e que ces derni\u00e8res ont d\u00fb r\u00e9aliser leur relais. A domicile, la Grande-Bretagne a sign\u00e9 un temps de 39&rsquo;18\u00a0\u00bb, soit une moyenne de 42,137km\/h. Partis parmi les premiers, les Britanniques ont tenu un long moment dans le hot seat devant les Fran\u00e7ais en 39&rsquo;50\u00a0\u00bb.<\/p>\n<p style=\"text-align: justify;\">Comme attendu, il a alors fallu attendre les trois derni\u00e8res nations &#8211; Italie, Allemagne, Pays-Bas &#8211; pour voir du changement en t\u00eate du classement. Les Italiens \u00e9taient dans le coup jusqu&rsquo;au bout, mais ont perdu toute chance \u00e0 cause d&rsquo;une crevaison d&rsquo;Elisa Longo Borghini. Cette derni\u00e8re est parvenue \u00e0 recoller sur ses partenaires, mais ce fait de course a condamn\u00e9 les chances de podium italien au profit de la Grande-Bretagne.<\/p>\n<p style=\"text-align: justify;\">Comme attendu, les Allemands ont fait mieux que les locaux et coupaient la ligne en 38&rsquo;50\u00a0\u00bb. Avant d&rsquo;\u00eatre domin\u00e9s, comme aux Championnats d&rsquo;Europe, par les N\u00e9erlandais. Avec un temps de 38&rsquo;27\u00a0\u00bb, les Pays-Bas r\u00e8glent l&rsquo;\u00e9preuve \u00e0 la moyenne de 43,069km\/h. Avec Bauke Mollema, Koen Bouwman et Jos van Emden ainsi qu&rsquo;Amy Pieters, Lucinda Brand et Riejanne Markus, les <em>Oranje<\/em> affirment leur sup\u00e9riorit\u00e9 dans l&rsquo;exercice apr\u00e8s la victoire des Championnats d&rsquo;Europe.<\/p>\n<p><strong>Le classement du relais mixte :\u00a0<\/strong><\/p>\n<p><img decoding=\"async\" class=\"css-9pa8cd\" draggable=\"true\" src=\"https:\/\/pbs.twimg.com\/media\/EFE5FwOXUAA0rLe?format=jpg&amp;name=small\" alt=\"Image\" \/><\/p>\n","protected":false},"excerpt":{"rendered":"<p>Adieu le contre-la-montre par \u00e9quipes de marque, place au relais mixte! Les Championnats du monde du Yorkshire d\u00e9butaient ce dimanche avec cette nouvelle \u00e9preuve. Il y avait alors 28 kilom\u00e8tres \u00e0 couvrir, soit deux tours du circuit dessin\u00e9 \u00e0 Harrogate. Le trio masculin de chaque nation effectuait la premi\u00e8re boucle, le trio f\u00e9minin la seconde. &hellip;<\/p>\n","protected":false},"author":15,"featured_media":140932,"comment_status":"open","ping_status":"open","sticky":false,"template":"","format":"standard","meta":{"footnotes":""},"categories":[27,17,225,14,15,28],"tags":[],"class_list":["post-140899","post","type-post","status-publish","format-standard","has-post-thumbnail","hentry","category-gros-bloc","category-une","category-championnat-du-monde","category-resultats","category-route","category-course"],"_links":{"self":[{"href":"https:\/\/cyclingpro.net\/velopro\/wp-json\/wp\/v2\/posts\/140899","targetHints":{"allow":["GET"]}}],"collection":[{"href":"https:\/\/cyclingpro.net\/velopro\/wp-json\/wp\/v2\/posts"}],"about":[{"href":"https:\/\/cyclingpro.net\/velopro\/wp-json\/wp\/v2\/types\/post"}],"author":[{"embeddable":true,"href":"https:\/\/cyclingpro.net\/velopro\/wp-json\/wp\/v2\/users\/15"}],"replies":[{"embeddable":true,"href":"https:\/\/cyclingpro.net\/velopro\/wp-json\/wp\/v2\/comments?post=140899"}],"version-history":[{"count":7,"href":"https:\/\/cyclingpro.net\/velopro\/wp-json\/wp\/v2\/posts\/140899\/revisions"}],"predecessor-version":[{"id":140916,"href":"https:\/\/cyclingpro.net\/velopro\/wp-json\/wp\/v2\/posts\/140899\/revisions\/140916"}],"wp:featuredmedia":[{"embeddable":true,"href":"https:\/\/cyclingpro.net\/velopro\/wp-json\/wp\/v2\/media\/140932"}],"wp:attachment":[{"href":"https:\/\/cyclingpro.net\/velopro\/wp-json\/wp\/v2\/media?parent=140899"}],"wp:term":[{"taxonomy":"category","embeddable":true,"href":"https:\/\/cyclingpro.net\/velopro\/wp-json\/wp\/v2\/categories?post=140899"},{"taxonomy":"post_tag","embeddable":true,"href":"https:\/\/cyclingpro.net\/velopro\/wp-json\/wp\/v2\/tags?post=140899"}],"curies":[{"name":"wp","href":"https:\/\/api.w.org\/{rel}","templated":true}]}}