{"id":140896,"date":"2019-09-22T16:55:24","date_gmt":"2019-09-22T14:55:24","guid":{"rendered":"https:\/\/cyclingpro.net\/velopro\/?p=140896"},"modified":"2019-09-22T17:12:06","modified_gmt":"2019-09-22T15:12:06","slug":"grand-prix-disbergues-mads-pedersen-resiste-au-retour-du-peloton","status":"publish","type":"post","link":"https:\/\/cyclingpro.net\/velopro\/course\/grand-prix-disbergues\/grand-prix-disbergues-mads-pedersen-resiste-au-retour-du-peloton\/","title":{"rendered":"Grand Prix d&rsquo;Isbergues : Mads Pedersen r\u00e9siste au retour du peloton"},"content":{"rendered":"<p style=\"text-align: justify;\"><em>Le 73e Grand Prix d&rsquo;Isbergues s&rsquo;est \u00e9lanc\u00e9 sous le soleil ce dimanche, avant de se terminer sous une pluie battante. Cons\u00e9quence des mauvaises conditions climatiques, la course a \u00e9t\u00e9 marqu\u00e9e par une chute massive. Un fait de course dont a pu profiter l&rsquo;\u00e9chapp\u00e9e matinale pour reprendre un peu d&rsquo;air, \u00e0 un moment o\u00f9 le retour du peloton se faisait de plus en plus pr\u00e9sent. Dernier rescap\u00e9 du groupe de t\u00eate, Mads Pedersen a boucl\u00e9 le dernier tour en solitaire. Le Danois s&rsquo;est alors impos\u00e9 avec 40 secondes d&rsquo;avance sur les sprinteurs, qui ont jou\u00e9 le premier accessit. Son co\u00e9quipier John Degenkolb s&rsquo;en est empar\u00e9 devant Christophe Laporte.\u00a0<\/em><\/p>\n<p style=\"text-align: justify;\">D\u00e8s le d\u00e9part r\u00e9el, six hommes prennent de l&rsquo;avance \u00e0 l&rsquo;assaut des routes du Pas-de-Calais. Alexis Gougeard (AG2R-La Mondiale), Elmar Reinders (Roompot-Charles), Michael Guichard (Delko Marseille Provence), Pierre Gouault, Samuel Leroux (Natura4Ever Roubaix Lille M\u00e9tropole) et Th\u00e9o Delacroix (France Espoirs) ouvrent la route. Ils sont vite rejoints par Mads Pedersen (Trek-Segafredo), portant \u00e0 sept le nombre de coureurs \u00e9chapp\u00e9s. Le peloton laisse filer jusqu&rsquo;\u00e0 3&rsquo;30\u00a0\u00bb avant que les formations de sprinteurs ne s&rsquo;annoncent en t\u00eate de groupe.<\/p>\n<p style=\"text-align: justify;\">Pierre Gouault profite de sa pr\u00e9sence \u00e0 l&rsquo;avant pour passer en t\u00eate des difficult\u00e9s group\u00e9es \u00e0 la mi-parcours. Il s&rsquo;assure ainsi de remporter le grand prix des monts et d&rsquo;\u00eatre pr\u00e9sent sur le podium. D&rsquo;autant que les chances d&rsquo;aller au bout s&rsquo;amenuisent au fil des kilom\u00e8tres. D&rsquo;abord contr\u00f4l\u00e9e \u00e0 distance respectable, l&rsquo;\u00e9chapp\u00e9e voit le peloton fondre sur elle \u00e0 70 kilom\u00e8tres du but. Il n&rsquo;y a alors plus qu&rsquo;une minute d&rsquo;\u00e9cart.<\/p>\n<p style=\"text-align: justify;\">En t\u00eate, la s\u00e9lection s&rsquo;op\u00e8re notamment sous l&rsquo;impulsion d&rsquo;un tr\u00e8s solide Pedersen. Guichard, Delacroix et Reinders ne r\u00e9sistent pas aux acc\u00e9l\u00e9rations successives du Danois. Derri\u00e8re, une grosse chute intervient au sein du peloton et envoie une trentaine d&rsquo;hommes au sol. Le leader de la Coupe de France Marc Sarreau (Groupama-FDJ) ou Mark Cavendish (Dimension Data) sont notamment impliqu\u00e9s. L&rsquo;\u00e9chapp\u00e9e reprend un peu de marge \u00e0 la suite de cette chute, mais la jonction semble inexorable. Les quatre rescap\u00e9s de l&rsquo;\u00e9chapp\u00e9e arrivent tout de m\u00eame en t\u00eate dans le dernier tour, mais avec moins de 30&Prime; d&rsquo;avance sur le peloton. En t\u00eate de peloton, Cofidis m\u00e8ne la poursuite \u00e0 une allure soutenue.<\/p>\n<p style=\"text-align: justify;\">Voyant que l&rsquo;\u00e9cart diminue au fil des kilom\u00e8tres, Pedersen d\u00e9cide d&rsquo;attaquer seul le groupe de t\u00eate. Il s&rsquo;en va alors en solitaire \u00e0 l&rsquo;abord du dernier tour. Ses anciens compagnons de fuite sont vite revus par un peloton lanc\u00e9 \u00e0 un train soutenu. Le Danois \u00e9crase lui les p\u00e9dales sur les longues lignes droites du circuit final et parvient \u00e0 creuser l&rsquo;\u00e9cart. Au terme d&rsquo;un v\u00e9ritable num\u00e9ro, Pedersen tient bon et coupe la ligne avec 40&Prime; d&rsquo;avance sur les sprinteurs ! Son co\u00e9quipier John Degenkolb r\u00e8gle le sprint pour la deuxi\u00e8me place, devant Christophe Laporte (Cofidis).<\/p>\n<p><strong>Le top 10 du Grand Prix d&rsquo;Isbergues :\u00a0<\/strong><br \/>\n1. Mads Pedersen (Trek-Segafredo) en 4h41&rsquo;58\u00a0\u00bb<br \/>\n2. John Degenkolb (Trek-Segafredo) \u00e0 38&Prime;<br \/>\n3. Christophe Laporte (Cofidis) t.m.t.<br \/>\n4. Emiel Vermeulen (Natura4Ever-Roubaix Lille M\u00e9tropole)<br \/>\n5. Bryan Coquard (Vital Concept-B&amp;B Hotels)<br \/>\n6. Alexander Konychev (Dimension Data)<br \/>\n7. Boris Vall\u00e9e (Wanty-Gobert)<br \/>\n8. Alex Kirsch (Trek-Segafredo)<br \/>\n9. Evaldas Siskevicius (Delko Marseille Provence)<br \/>\n10. Dorian Godon (AG2R-La Mondiale)<\/p>\n","protected":false},"excerpt":{"rendered":"<p>Le 73e Grand Prix d&rsquo;Isbergues s&rsquo;est \u00e9lanc\u00e9 sous le soleil ce dimanche, avant de se terminer sous une pluie battante. Cons\u00e9quence des mauvaises conditions climatiques, la course a \u00e9t\u00e9 marqu\u00e9e par une chute massive. Un fait de course dont a pu profiter l&rsquo;\u00e9chapp\u00e9e matinale pour reprendre un peu d&rsquo;air, \u00e0 un moment o\u00f9 le retour &hellip;<\/p>\n","protected":false},"author":15,"featured_media":0,"comment_status":"open","ping_status":"open","sticky":false,"template":"","format":"standard","meta":{"footnotes":""},"categories":[17,179,14,15,28],"tags":[],"class_list":["post-140896","post","type-post","status-publish","format-standard","hentry","category-une","category-grand-prix-disbergues","category-resultats","category-route","category-course"],"_links":{"self":[{"href":"https:\/\/cyclingpro.net\/velopro\/wp-json\/wp\/v2\/posts\/140896","targetHints":{"allow":["GET"]}}],"collection":[{"href":"https:\/\/cyclingpro.net\/velopro\/wp-json\/wp\/v2\/posts"}],"about":[{"href":"https:\/\/cyclingpro.net\/velopro\/wp-json\/wp\/v2\/types\/post"}],"author":[{"embeddable":true,"href":"https:\/\/cyclingpro.net\/velopro\/wp-json\/wp\/v2\/users\/15"}],"replies":[{"embeddable":true,"href":"https:\/\/cyclingpro.net\/velopro\/wp-json\/wp\/v2\/comments?post=140896"}],"version-history":[{"count":6,"href":"https:\/\/cyclingpro.net\/velopro\/wp-json\/wp\/v2\/posts\/140896\/revisions"}],"predecessor-version":[{"id":140910,"href":"https:\/\/cyclingpro.net\/velopro\/wp-json\/wp\/v2\/posts\/140896\/revisions\/140910"}],"wp:attachment":[{"href":"https:\/\/cyclingpro.net\/velopro\/wp-json\/wp\/v2\/media?parent=140896"}],"wp:term":[{"taxonomy":"category","embeddable":true,"href":"https:\/\/cyclingpro.net\/velopro\/wp-json\/wp\/v2\/categories?post=140896"},{"taxonomy":"post_tag","embeddable":true,"href":"https:\/\/cyclingpro.net\/velopro\/wp-json\/wp\/v2\/tags?post=140896"}],"curies":[{"name":"wp","href":"https:\/\/api.w.org\/{rel}","templated":true}]}}