{"id":140549,"date":"2019-09-17T14:01:26","date_gmt":"2019-09-17T12:01:26","guid":{"rendered":"https:\/\/cyclingpro.net\/velopro\/?p=140549"},"modified":"2019-09-17T14:01:26","modified_gmt":"2019-09-17T12:01:26","slug":"emiel-planckaert-conserve-chez-sport-vlaanderen-baloise","status":"publish","type":"post","link":"https:\/\/cyclingpro.net\/velopro\/news-niveau-2\/emiel-planckaert-conserve-chez-sport-vlaanderen-baloise\/","title":{"rendered":"Emiel Planckaert conserv\u00e9 chez Sport Vlaanderen-Baloise"},"content":{"rendered":"<p style=\"text-align: justify;\">Pass\u00e9 professionnel en 2018 au sein de la Sport Vlaanderen Baloise, Emiel Planckaert arrivait cette saison au terme de son bail de deux ann\u00e9es avec l&rsquo;\u00e9quipe continentale professionnelle belge. Mais cette derni\u00e8re a d\u00e9cid\u00e9 de prolonger le jeune homme de 22 ans pour une saison suppl\u00e9mentaire, comme l&rsquo;indique le Het Laaste Nieuws ce mardi. Le fr\u00e8re de Baptiste et d&rsquo;Edward continuera donc d&rsquo;\u00e9voluer en deuxi\u00e8me division en 2020 et tentera de d\u00e9crocher son premier r\u00e9sultat de r\u00e9f\u00e9rence chez les pros.<\/p>\n","protected":false},"excerpt":{"rendered":"<p>Pass\u00e9 professionnel en 2018 au sein de la Sport Vlaanderen Baloise, Emiel Planckaert arrivait cette saison au terme de son bail de deux ann\u00e9es avec l&rsquo;\u00e9quipe continentale professionnelle belge. Mais cette derni\u00e8re a d\u00e9cid\u00e9 de prolonger le jeune homme de 22 ans pour une saison suppl\u00e9mentaire, comme l&rsquo;indique le Het Laaste Nieuws ce mardi. Le &hellip;<\/p>\n","protected":false},"author":5,"featured_media":0,"comment_status":"open","ping_status":"open","sticky":false,"template":"","format":"standard","meta":{"footnotes":""},"categories":[11,15,10],"tags":[],"class_list":["post-140549","post","type-post","status-publish","format-standard","hentry","category-news-niveau-2","category-route","category-mercato"],"_links":{"self":[{"href":"https:\/\/cyclingpro.net\/velopro\/wp-json\/wp\/v2\/posts\/140549","targetHints":{"allow":["GET"]}}],"collection":[{"href":"https:\/\/cyclingpro.net\/velopro\/wp-json\/wp\/v2\/posts"}],"about":[{"href":"https:\/\/cyclingpro.net\/velopro\/wp-json\/wp\/v2\/types\/post"}],"author":[{"embeddable":true,"href":"https:\/\/cyclingpro.net\/velopro\/wp-json\/wp\/v2\/users\/5"}],"replies":[{"embeddable":true,"href":"https:\/\/cyclingpro.net\/velopro\/wp-json\/wp\/v2\/comments?post=140549"}],"version-history":[{"count":1,"href":"https:\/\/cyclingpro.net\/velopro\/wp-json\/wp\/v2\/posts\/140549\/revisions"}],"predecessor-version":[{"id":140550,"href":"https:\/\/cyclingpro.net\/velopro\/wp-json\/wp\/v2\/posts\/140549\/revisions\/140550"}],"wp:attachment":[{"href":"https:\/\/cyclingpro.net\/velopro\/wp-json\/wp\/v2\/media?parent=140549"}],"wp:term":[{"taxonomy":"category","embeddable":true,"href":"https:\/\/cyclingpro.net\/velopro\/wp-json\/wp\/v2\/categories?post=140549"},{"taxonomy":"post_tag","embeddable":true,"href":"https:\/\/cyclingpro.net\/velopro\/wp-json\/wp\/v2\/tags?post=140549"}],"curies":[{"name":"wp","href":"https:\/\/api.w.org\/{rel}","templated":true}]}}