{"id":140426,"date":"2019-09-16T10:18:42","date_gmt":"2019-09-16T08:18:42","guid":{"rendered":"https:\/\/cyclingpro.net\/velopro\/?p=140426"},"modified":"2019-09-16T10:18:42","modified_gmt":"2019-09-16T08:18:42","slug":"gp-de-montreal-greg-van-avermaet-comme-en-2016","status":"publish","type":"post","link":"https:\/\/cyclingpro.net\/velopro\/course\/grand-prix-de-quebec-et-montreal\/gp-de-montreal-greg-van-avermaet-comme-en-2016\/","title":{"rendered":"GP de Montr\u00e9al : Greg Van Avermaet comme en 2016"},"content":{"rendered":"<p style=\"text-align: justify;\"><em>Greg Van Avermaet a remport\u00e9 le Grand Prix de Montr\u00e9al, ce dimanche sur les coups de 22h30. D\u00e9j\u00e0 vainqueur de l&rsquo;\u00e9preuve en 2016, le Belge a devanc\u00e9 Diego Ulissi et Ivan Cortina au sprint apr\u00e8s avoir men\u00e9 une course d&rsquo;attente. Beno\u00eet Cosnefroy et Julian Alaphilippe ont eux \u00e9t\u00e9 offensifs dans le dernier tour et n&rsquo;avaient plus la force de jouer la gagne. Tout comme Peter Sagan, qui s&rsquo;est sacrifi\u00e9 \u00e0 la poursuite des deux Fran\u00e7ais.<\/em><\/p>\n<p style=\"text-align: justify;\">L&rsquo;\u00e9preuve a \u00e9t\u00e9 anim\u00e9e par une \u00e9chapp\u00e9e de cinq coureurs. Ryan Anderson, Matteo Dal-Cin (Rally UHC), Guy Sagiv (Israel Cycling Academy), Charles-Etienne Chr\u00e9tien et Nicolas Zukowsky (s\u00e9lection canadienne) ont alors ouvert la route pendant un long moment. Dal-Cin a \u00e9t\u00e9 le premier \u00e0 l\u00e2cher prise alors que son co\u00e9quipier a sign\u00e9 un joli num\u00e9ro. Zukowsky a ainsi tenu pr\u00e8s de 190 kilom\u00e8tres en t\u00eate, avant que la course de mouvements livr\u00e9e derri\u00e8re lui ne condamne sa tentative.<\/p>\n<p style=\"text-align: justify;\">Les favoris n&rsquo;ont en effet pas h\u00e9sit\u00e9 \u00e0 se lancer de loin, \u00e0 l&rsquo;image de Dan Martin (UAE Team Emirates), \u00e0 l&rsquo;attaque \u00e0 plus de 60 kilom\u00e8tres de la ligne. Remco Evenepoel (Deceuninck-Quick Step) a contre-attaqu\u00e9 avant de tenter sa chance en solitaire. Vite repris par un gros groupe de poursuite, le jeune belge a ensuite vu le peloton recoller. A 22 kilom\u00e8tres du but, il perdait ensuite toute chance sur crevaison dans un moment d&#8217;emballement.<\/p>\n<p style=\"text-align: justify;\">Le dernier tour a \u00e9t\u00e9 marqu\u00e9 par une attaque de Nans Peters (AG2R-La Mondiale). Repris apr\u00e8s un bel effort, ce dernier a laiss\u00e9 place au num\u00e9ro de son co\u00e9quipier Beno\u00eet Cosnefroy ! Le jeune Fran\u00e7ais a alors tenu pr\u00e8s de dix kilom\u00e8tres en t\u00eate, avec une dizaine de secondes de marge. Dans l&rsquo;avant-derni\u00e8re bosse, Julian Alaphilippe (Deceuninck-Quick Step) l&rsquo;a rejoint, mais les autres favoris \u00e9taient juste derri\u00e8re. Le duo fran\u00e7ais s&rsquo;est alors fait reprendre \u00e0 la suite d&rsquo;un \u00e9norme travail de Peter Sagan (Bora-hansgrohe) et a laiss\u00e9 place au sprint de costauds attendu. C&rsquo;est alors Greg Van Avermaet (CCC) qui s&rsquo;est montr\u00e9 le plus fort, comme en 2016, en dominant Diego Ulissi (UAE Team Emirates) et Ivan Cortina (Bahrain-Merida). Tim Wellens (Lotto Soudal) a termin\u00e9 quatri\u00e8me en l\u00e9ger retrait.<\/p>\n<p><strong>Le top 20 de l&rsquo;\u00e9preuve :\u00a0<\/strong><\/p>\n<table style=\"width: 505px;\" width=\"614\">\n<tbody>\n<tr>\n<td style=\"width: 42px;\">1<\/td>\n<td style=\"width: 111px;\">VAN AVERMAET<\/td>\n<td style=\"width: 125px;\">Greg<\/td>\n<td style=\"width: 119px;\">BEL<\/td>\n<td style=\"width: 74px;\">06:09:38<\/td>\n<\/tr>\n<tr>\n<td style=\"width: 42px;\">2<\/td>\n<td style=\"width: 111px;\">ULISSI<\/td>\n<td style=\"width: 125px;\">Diego<\/td>\n<td style=\"width: 119px;\">ITA<\/td>\n<td style=\"width: 74px;\">+ 00:00:00<\/td>\n<\/tr>\n<tr>\n<td style=\"width: 42px;\">3<\/td>\n<td style=\"width: 111px;\">GARCIA CORTINA<\/td>\n<td style=\"width: 125px;\">Ivan<\/td>\n<td style=\"width: 119px;\">ESP<\/td>\n<td style=\"width: 74px;\">+ 00:00:00<\/td>\n<\/tr>\n<tr>\n<td style=\"width: 42px;\">4<\/td>\n<td style=\"width: 111px;\">WELLENS<\/td>\n<td style=\"width: 125px;\">Tim<\/td>\n<td style=\"width: 119px;\">BEL<\/td>\n<td style=\"width: 74px;\">+ 00:00:00<\/td>\n<\/tr>\n<tr>\n<td style=\"width: 42px;\">5<\/td>\n<td style=\"width: 111px;\">ANDERSEN<\/td>\n<td style=\"width: 125px;\">Michael Valgren<\/td>\n<td style=\"width: 119px;\">DEN<\/td>\n<td style=\"width: 74px;\">+ 00:00:00<\/td>\n<\/tr>\n<tr>\n<td style=\"width: 42px;\">6<\/td>\n<td style=\"width: 111px;\">SBARAGLI<\/td>\n<td style=\"width: 125px;\">Kristian<\/td>\n<td style=\"width: 119px;\">ITA<\/td>\n<td style=\"width: 74px;\">+ 00:00:00<\/td>\n<\/tr>\n<tr>\n<td style=\"width: 42px;\">7<\/td>\n<td style=\"width: 111px;\">COSTA<\/td>\n<td style=\"width: 125px;\">Rui<\/td>\n<td style=\"width: 119px;\">POR<\/td>\n<td style=\"width: 74px;\">+ 00:00:00<\/td>\n<\/tr>\n<tr>\n<td style=\"width: 42px;\">8<\/td>\n<td style=\"width: 111px;\">WOODS<\/td>\n<td style=\"width: 125px;\">Michael<\/td>\n<td style=\"width: 119px;\">CAN<\/td>\n<td style=\"width: 74px;\">+ 00:00:00<\/td>\n<\/tr>\n<tr>\n<td style=\"width: 42px;\">9<\/td>\n<td style=\"width: 111px;\">PETERS<\/td>\n<td style=\"width: 125px;\">Nans<\/td>\n<td style=\"width: 119px;\">FRA<\/td>\n<td style=\"width: 74px;\">+ 00:00:00<\/td>\n<\/tr>\n<tr>\n<td style=\"width: 42px;\">10<\/td>\n<td style=\"width: 111px;\">MOLLEMA<\/td>\n<td style=\"width: 125px;\">Bauke<\/td>\n<td style=\"width: 119px;\">NED<\/td>\n<td style=\"width: 74px;\">+ 00:00:00<\/td>\n<\/tr>\n<tr>\n<td style=\"width: 42px;\">11<\/td>\n<td style=\"width: 111px;\">HAIG<\/td>\n<td style=\"width: 125px;\">Jack<\/td>\n<td style=\"width: 119px;\">AUS<\/td>\n<td style=\"width: 74px;\">+ 00:00:00<\/td>\n<\/tr>\n<tr>\n<td style=\"width: 42px;\">12<\/td>\n<td style=\"width: 111px;\">FRANK<\/td>\n<td style=\"width: 125px;\">Mathias<\/td>\n<td style=\"width: 119px;\">SUI<\/td>\n<td style=\"width: 74px;\">+ 00:00:00<\/td>\n<\/tr>\n<tr>\n<td style=\"width: 42px;\">13<\/td>\n<td style=\"width: 111px;\">ALAPHILIPPE<\/td>\n<td style=\"width: 125px;\">Julian<\/td>\n<td style=\"width: 119px;\">FRA<\/td>\n<td style=\"width: 74px;\">+ 00:00:00<\/td>\n<\/tr>\n<tr>\n<td style=\"width: 42px;\">14<\/td>\n<td style=\"width: 111px;\">YATES<\/td>\n<td style=\"width: 125px;\">Adam<\/td>\n<td style=\"width: 119px;\">GBR<\/td>\n<td style=\"width: 74px;\">+ 00:00:00<\/td>\n<\/tr>\n<tr>\n<td style=\"width: 42px;\">15<\/td>\n<td style=\"width: 111px;\">BETANCUR<\/td>\n<td style=\"width: 125px;\">Carlos<\/td>\n<td style=\"width: 119px;\">COL<\/td>\n<td style=\"width: 74px;\">+ 00:00:05<\/td>\n<\/tr>\n<tr>\n<td style=\"width: 42px;\">16<\/td>\n<td style=\"width: 111px;\">MAS NICOLAU<\/td>\n<td style=\"width: 125px;\">Enric<\/td>\n<td style=\"width: 119px;\">ESP<\/td>\n<td style=\"width: 74px;\">+ 00:00:05<\/td>\n<\/tr>\n<tr>\n<td style=\"width: 42px;\">17<\/td>\n<td style=\"width: 111px;\">COSNEFROY<\/td>\n<td style=\"width: 125px;\">Benoit<\/td>\n<td style=\"width: 119px;\">FRA<\/td>\n<td style=\"width: 74px;\">+ 00:00:12<\/td>\n<\/tr>\n<tr>\n<td style=\"width: 42px;\">18<\/td>\n<td style=\"width: 111px;\">SAGAN<\/td>\n<td style=\"width: 125px;\">Peter<\/td>\n<td style=\"width: 119px;\">SVK<\/td>\n<td style=\"width: 74px;\">+ 00:00:12<\/td>\n<\/tr>\n<tr>\n<td style=\"width: 42px;\">19<\/td>\n<td style=\"width: 111px;\">MATTHEWS<\/td>\n<td style=\"width: 125px;\">Michael<\/td>\n<td style=\"width: 119px;\">AUS<\/td>\n<td style=\"width: 74px;\">+ 00:00:50<\/td>\n<\/tr>\n<tr>\n<td style=\"width: 42px;\">20<\/td>\n<td style=\"width: 111px;\">ASGREEN<\/td>\n<td style=\"width: 125px;\">Kasper<\/td>\n<td style=\"width: 119px;\">DEN<\/td>\n<td style=\"width: 74px;\">+ 00:00:50<\/td>\n<\/tr>\n<\/tbody>\n<\/table>\n","protected":false},"excerpt":{"rendered":"<p>Greg Van Avermaet a remport\u00e9 le Grand Prix de Montr\u00e9al, ce dimanche sur les coups de 22h30. D\u00e9j\u00e0 vainqueur de l&rsquo;\u00e9preuve en 2016, le Belge a devanc\u00e9 Diego Ulissi et Ivan Cortina au sprint apr\u00e8s avoir men\u00e9 une course d&rsquo;attente. Beno\u00eet Cosnefroy et Julian Alaphilippe ont eux \u00e9t\u00e9 offensifs dans le dernier tour et n&rsquo;avaient &hellip;<\/p>\n","protected":false},"author":15,"featured_media":140427,"comment_status":"open","ping_status":"open","sticky":false,"template":"","format":"standard","meta":{"footnotes":""},"categories":[17,166,14,15,19,28],"tags":[],"class_list":["post-140426","post","type-post","status-publish","format-standard","has-post-thumbnail","hentry","category-une","category-grand-prix-de-quebec-et-montreal","category-resultats","category-route","category-worldtour","category-course"],"_links":{"self":[{"href":"https:\/\/cyclingpro.net\/velopro\/wp-json\/wp\/v2\/posts\/140426","targetHints":{"allow":["GET"]}}],"collection":[{"href":"https:\/\/cyclingpro.net\/velopro\/wp-json\/wp\/v2\/posts"}],"about":[{"href":"https:\/\/cyclingpro.net\/velopro\/wp-json\/wp\/v2\/types\/post"}],"author":[{"embeddable":true,"href":"https:\/\/cyclingpro.net\/velopro\/wp-json\/wp\/v2\/users\/15"}],"replies":[{"embeddable":true,"href":"https:\/\/cyclingpro.net\/velopro\/wp-json\/wp\/v2\/comments?post=140426"}],"version-history":[{"count":2,"href":"https:\/\/cyclingpro.net\/velopro\/wp-json\/wp\/v2\/posts\/140426\/revisions"}],"predecessor-version":[{"id":140429,"href":"https:\/\/cyclingpro.net\/velopro\/wp-json\/wp\/v2\/posts\/140426\/revisions\/140429"}],"wp:featuredmedia":[{"embeddable":true,"href":"https:\/\/cyclingpro.net\/velopro\/wp-json\/wp\/v2\/media\/140427"}],"wp:attachment":[{"href":"https:\/\/cyclingpro.net\/velopro\/wp-json\/wp\/v2\/media?parent=140426"}],"wp:term":[{"taxonomy":"category","embeddable":true,"href":"https:\/\/cyclingpro.net\/velopro\/wp-json\/wp\/v2\/categories?post=140426"},{"taxonomy":"post_tag","embeddable":true,"href":"https:\/\/cyclingpro.net\/velopro\/wp-json\/wp\/v2\/tags?post=140426"}],"curies":[{"name":"wp","href":"https:\/\/api.w.org\/{rel}","templated":true}]}}