{"id":139709,"date":"2019-09-13T10:20:20","date_gmt":"2019-09-13T08:20:20","guid":{"rendered":"https:\/\/cyclingpro.net\/velopro\/?p=139709"},"modified":"2019-09-13T10:20:20","modified_gmt":"2019-09-13T08:20:20","slug":"charles-planet-prolonge-dune-saison-chez-novo-nordisk","status":"publish","type":"post","link":"https:\/\/cyclingpro.net\/velopro\/mercato\/charles-planet-prolonge-dune-saison-chez-novo-nordisk\/","title":{"rendered":"Charles Planet prolonge d&rsquo;une saison chez Novo Nordisk"},"content":{"rendered":"<p style=\"text-align: justify;\">L&rsquo;aventure continue pour Charles Planet. Le coureur fran\u00e7ais de 25 ans, pass\u00e9 pro chez Novo Nordisk en 2014, portera encore les couleurs de l&rsquo;\u00e9quipe Conti Pro en 2020. Il pourra donc continuer \u00e0 chasser les \u00e9chapp\u00e9es, comme il l&rsquo;a fait sur le dernier Tour de Pologne. A l&rsquo;avant de la course lors des trois premi\u00e8res \u00e9tapes, Planet avait alors port\u00e9 la tunique de meilleur grimpeur, offrant ainsi un premier maillot distinctif \u00e0 la formation am\u00e9ricaine sur une \u00e9preuve WorldTour.<\/p>\n<p style=\"text-align: justify;\">\u00ab <em>Apr\u00e8s toutes ses ann\u00e9es ensemble, Novo Nordisk est ma deuxi\u00e8me famille. Je suis donc heureux de continuer dans l&rsquo;\u00e9quipe<\/em>, se r\u00e9jouissait le coureur diagnostiqu\u00e9 d&rsquo;un diab\u00e8te de type 1. <em>L&rsquo;atmosph\u00e8re est super ici et tout le monde se donne \u00e0 fond dans notre mission. Plus que tout, je suis fier de continuer \u00e0 aider les personnes diab\u00e9tiques \u00e0 suivre leurs r\u00eaves. Je me battrai toujours pour elles. Quand j&rsquo;ai \u00e9t\u00e9 diagnostiqu\u00e9, je ne croyais pas pouvoir devenir un athl\u00e8te professionnel, donc mon but est d&rsquo;aider toutes les personnes affect\u00e9es \u00e0 \u00eatre heureuses comme moi je le suis.<\/em> \u00bb<\/p>\n","protected":false},"excerpt":{"rendered":"<p>L&rsquo;aventure continue pour Charles Planet. Le coureur fran\u00e7ais de 25 ans, pass\u00e9 pro chez Novo Nordisk en 2014, portera encore les couleurs de l&rsquo;\u00e9quipe Conti Pro en 2020. Il pourra donc continuer \u00e0 chasser les \u00e9chapp\u00e9es, comme il l&rsquo;a fait sur le dernier Tour de Pologne. A l&rsquo;avant de la course lors des trois premi\u00e8res &hellip;<\/p>\n","protected":false},"author":15,"featured_media":60462,"comment_status":"open","ping_status":"open","sticky":false,"template":"","format":"standard","meta":{"footnotes":""},"categories":[11,25,15,10],"tags":[],"class_list":["post-139709","post","type-post","status-publish","format-standard","has-post-thumbnail","hentry","category-news-niveau-2","category-news","category-route","category-mercato"],"_links":{"self":[{"href":"https:\/\/cyclingpro.net\/velopro\/wp-json\/wp\/v2\/posts\/139709","targetHints":{"allow":["GET"]}}],"collection":[{"href":"https:\/\/cyclingpro.net\/velopro\/wp-json\/wp\/v2\/posts"}],"about":[{"href":"https:\/\/cyclingpro.net\/velopro\/wp-json\/wp\/v2\/types\/post"}],"author":[{"embeddable":true,"href":"https:\/\/cyclingpro.net\/velopro\/wp-json\/wp\/v2\/users\/15"}],"replies":[{"embeddable":true,"href":"https:\/\/cyclingpro.net\/velopro\/wp-json\/wp\/v2\/comments?post=139709"}],"version-history":[{"count":2,"href":"https:\/\/cyclingpro.net\/velopro\/wp-json\/wp\/v2\/posts\/139709\/revisions"}],"predecessor-version":[{"id":139711,"href":"https:\/\/cyclingpro.net\/velopro\/wp-json\/wp\/v2\/posts\/139709\/revisions\/139711"}],"wp:featuredmedia":[{"embeddable":true,"href":"https:\/\/cyclingpro.net\/velopro\/wp-json\/wp\/v2\/media\/60462"}],"wp:attachment":[{"href":"https:\/\/cyclingpro.net\/velopro\/wp-json\/wp\/v2\/media?parent=139709"}],"wp:term":[{"taxonomy":"category","embeddable":true,"href":"https:\/\/cyclingpro.net\/velopro\/wp-json\/wp\/v2\/categories?post=139709"},{"taxonomy":"post_tag","embeddable":true,"href":"https:\/\/cyclingpro.net\/velopro\/wp-json\/wp\/v2\/tags?post=139709"}],"curies":[{"name":"wp","href":"https:\/\/api.w.org\/{rel}","templated":true}]}}