{"id":138918,"date":"2019-09-09T10:47:45","date_gmt":"2019-09-09T08:47:45","guid":{"rendered":"https:\/\/cyclingpro.net\/velopro\/?p=138918"},"modified":"2019-09-09T10:47:45","modified_gmt":"2019-09-09T08:47:45","slug":"tao-geoghegan-hart-jaurais-du-etre-plus-agressif-dans-le-dernier-col","status":"publish","type":"post","link":"https:\/\/cyclingpro.net\/velopro\/course\/vuelta-a-espana-tour-espagne\/tao-geoghegan-hart-jaurais-du-etre-plus-agressif-dans-le-dernier-col\/","title":{"rendered":"Tao Geoghegan Hart : \u00ab J&rsquo;aurais d\u00fb \u00eatre plus agressif dans le dernier col \u00bb"},"content":{"rendered":"<p style=\"text-align: justify;\">Apr\u00e8s un d\u00e9but de Vuelta catastrophique, Ineos court toujours apr\u00e8s une belle victoire d&rsquo;\u00e9tape. Tao Geoghegan Hart n&rsquo;\u00e9tait pas loin ce dimanche, mais a d\u00fb se contenter de la troisi\u00e8me place au Sanctuaire d&rsquo;Acebo. Dans la bonne \u00e9chapp\u00e9e du jour, le jeune britannique a termin\u00e9 l&rsquo;ascension du dernier col avec Ruben Guerreiro, \u00e0 39&Prime; du vainqueur Sepp Kuss.<\/p>\n<h6 class=\"post-box-title\"><strong><a href=\"https:\/\/cyclingpro.net\/velopro\/course\/vuelta-a-espana-tour-espagne\/ruben-guerreiro-je-ne-suis-pas-un-pur-grimpeur-mais-la-forme-est-excellente\/\" rel=\"bookmark\">Lire aussi &gt; Ruben Guerreiro : \u00ab Je ne suis pas un pur grimpeur, mais la forme est excellente \u00bb<\/a><\/strong><\/h6>\n<p style=\"text-align: justify;\">\u00ab <em>Je me sentais bien aujourd&rsquo;hui. Et puis j&rsquo;avais Kiry (Kiryienka) avec moi dans l&rsquo;\u00e9chapp\u00e9e. Notre plan \u00e9tait clair d\u00e8s le d\u00e9part<\/em>, expliquait-il dans un communiqu\u00e9 de son \u00e9quipe. <em>Mais bon, avec le recul j&rsquo;aurais d\u00fb courir diff\u00e9remment dans le dernier col. Quand on n&rsquo;\u00e9tait plus que 5-6 derri\u00e8re Sepp (Kuss), j&rsquo;aurais d\u00fb \u00eatre plus agressif et suivre les attaques au pied. C&rsquo;est le v\u00e9lo, je continuerai de tenter ma chance la semaine prochaine!<\/em> \u00bb<\/p>\n<blockquote class=\"twitter-tweet\">\n<p dir=\"ltr\" lang=\"en\">It&rsquo;s a brave ride from <a href=\"https:\/\/twitter.com\/taogeoghegan?ref_src=twsrc%5Etfw\">@taogeoghegan<\/a> who claims third place from the breakaway on stage 15 at <a href=\"https:\/\/twitter.com\/hashtag\/LaVuelta19?src=hash&amp;ref_src=twsrc%5Etfw\">#LaVuelta19<\/a>. Kuss (TJV) stays clear to win solo <a href=\"https:\/\/t.co\/zINZeETcAD\">pic.twitter.com\/zINZeETcAD<\/a><\/p>\n<p>\u2014 Team INEOS (@TeamINEOS) <a href=\"https:\/\/twitter.com\/TeamINEOS\/status\/1170724664739545089?ref_src=twsrc%5Etfw\">September 8, 2019<\/a><\/p><\/blockquote>\n<p><script async src=\"https:\/\/platform.twitter.com\/widgets.js\" charset=\"utf-8\"><\/script><\/p>\n","protected":false},"excerpt":{"rendered":"<p>Apr\u00e8s un d\u00e9but de Vuelta catastrophique, Ineos court toujours apr\u00e8s une belle victoire d&rsquo;\u00e9tape. Tao Geoghegan Hart n&rsquo;\u00e9tait pas loin ce dimanche, mais a d\u00fb se contenter de la troisi\u00e8me place au Sanctuaire d&rsquo;Acebo. Dans la bonne \u00e9chapp\u00e9e du jour, le jeune britannique a termin\u00e9 l&rsquo;ascension du dernier col avec Ruben Guerreiro, \u00e0 39&Prime; du &hellip;<\/p>\n","protected":false},"author":15,"featured_media":138919,"comment_status":"open","ping_status":"open","sticky":false,"template":"","format":"standard","meta":{"footnotes":""},"categories":[11,8,15,59,19,28],"tags":[],"class_list":["post-138918","post","type-post","status-publish","format-standard","has-post-thumbnail","hentry","category-news-niveau-2","category-interviews","category-route","category-vuelta-a-espana-tour-espagne","category-worldtour","category-course"],"_links":{"self":[{"href":"https:\/\/cyclingpro.net\/velopro\/wp-json\/wp\/v2\/posts\/138918","targetHints":{"allow":["GET"]}}],"collection":[{"href":"https:\/\/cyclingpro.net\/velopro\/wp-json\/wp\/v2\/posts"}],"about":[{"href":"https:\/\/cyclingpro.net\/velopro\/wp-json\/wp\/v2\/types\/post"}],"author":[{"embeddable":true,"href":"https:\/\/cyclingpro.net\/velopro\/wp-json\/wp\/v2\/users\/15"}],"replies":[{"embeddable":true,"href":"https:\/\/cyclingpro.net\/velopro\/wp-json\/wp\/v2\/comments?post=138918"}],"version-history":[{"count":3,"href":"https:\/\/cyclingpro.net\/velopro\/wp-json\/wp\/v2\/posts\/138918\/revisions"}],"predecessor-version":[{"id":138925,"href":"https:\/\/cyclingpro.net\/velopro\/wp-json\/wp\/v2\/posts\/138918\/revisions\/138925"}],"wp:featuredmedia":[{"embeddable":true,"href":"https:\/\/cyclingpro.net\/velopro\/wp-json\/wp\/v2\/media\/138919"}],"wp:attachment":[{"href":"https:\/\/cyclingpro.net\/velopro\/wp-json\/wp\/v2\/media?parent=138918"}],"wp:term":[{"taxonomy":"category","embeddable":true,"href":"https:\/\/cyclingpro.net\/velopro\/wp-json\/wp\/v2\/categories?post=138918"},{"taxonomy":"post_tag","embeddable":true,"href":"https:\/\/cyclingpro.net\/velopro\/wp-json\/wp\/v2\/tags?post=138918"}],"curies":[{"name":"wp","href":"https:\/\/api.w.org\/{rel}","templated":true}]}}