{"id":137347,"date":"2019-09-01T18:08:25","date_gmt":"2019-09-01T16:08:25","guid":{"rendered":"https:\/\/cyclingpro.net\/velopro\/?p=137347"},"modified":"2019-09-01T18:35:57","modified_gmt":"2019-09-01T16:35:57","slug":"vuelta-tadej-pogacar-triomphe-dans-des-conditions-dantesques-nairo-quintana-sempare-du-maillot-rouge","status":"publish","type":"post","link":"https:\/\/cyclingpro.net\/velopro\/une\/vuelta-tadej-pogacar-triomphe-dans-des-conditions-dantesques-nairo-quintana-sempare-du-maillot-rouge\/","title":{"rendered":"Vuelta : L&rsquo;av\u00e8nement de Tadej Pogacar, Nairo Quintana aux commandes"},"content":{"rendered":"<p style=\"text-align: justify;\"><em>Tadej Pogacar a remport\u00e9 une \u00e9tape compl\u00e8tement folle ce dimanche. Apr\u00e8s un final disput\u00e9 dans des conditions dantesques, le plus jeune coureur de la Vuelta s&rsquo;est impos\u00e9 en solitaire au sommet de Cortals d&rsquo;Encamp. Nairo Quintana a pris la deuxi\u00e8me place et s&#8217;empare du maillot rouge. Primoz Roglic, troisi\u00e8me, et Alejandro Valverde, quatri\u00e8me, ont termin\u00e9 \u00e0 25&Prime; du Colombien. Premier attaquant du jour, Miguel Angel Lopez a chut\u00e9 alors qu&rsquo;il dominait ses rivaux. Il conc\u00e8de finalement 1&rsquo;01\u00a0\u00bb au vainqueur. Leader de la course au d\u00e9part, Nicolas Edet a boucl\u00e9 l&rsquo;\u00e9tape \u00e0 six minutes apr\u00e8s avoir l\u00e2ch\u00e9 prise dans le Coll de la Gallina.\u00a0<\/em><\/p>\n<p style=\"text-align: justify;\">Les attaques fusent d\u00e8s le d\u00e9part r\u00e9el. Apr\u00e8s plusieurs tentatives, Tao Geoghegan Hart (Ineos) s&rsquo;en va seul. Il est progressivement rejoint par de nombreux coureurs, formant ainsi un groupe particuli\u00e8rement imposant dans le Coll d&rsquo;Ordino (1\u00e8re cat., 8,9km \u00e0 5%), la premi\u00e8re ascension du jour. Il y a l\u00e0 Imanol Erviti, Antonio Pedrero, Marc Soler (Movistar), Pierre Latour, Geoffrey Bouchard (AG2R-La Mondiale), Omar Fraile, Jakob Fuglsang, Gorka Izagirre (Astana), Hermann Pernsteiner (Bahrain-Merida), Felix Gro\u00dfschartner (Bora-hansgrohe), Patrick Bevin (CCC) Lawson Craddock, Segio Higuita, Daniel Martinez (EF Education First), Kilian Frankiny, Romain Seigle (Groupama-FDJ), Thomas De Gendt, Carl Fredrik Hagen (Lotto Soudal), Mikel Nieve (Mitchelton-Scott), Amanuel Ghebreigzabhier, Ben O&rsquo;Connor (Dimension Data), Wout Poels, David De la Cruz, Sebastian Henao, Tao Geoghegan Hart (Ineos), Robert Gesink, Sepp Kuss, Neilson Powless (Jumbo-Visma), Matteo Fabbro, Ruben Guerreiro (Katusha-Alpecin), Wilco Kelderman, Michael Storer, Martijn Tusveld (Sunweb), Niklas Eg (Trek-Segafredo), Jesus Herrada, Darwin Atapuma (Cofidis), Mikkel Bizkarra et Sergio Samitier (Euskadi-Murias).<\/p>\n<p style=\"text-align: justify;\">Les attaques se multiplient dans le groupe de t\u00eate et Bevin ainsi que Bizkarra s&rsquo;en vont en duo, alors que trois coureurs sortent du peloton en costaud. Vasil Kiryienka (Ineos), Oscar Cabedo (Burgos-BH) et Robert Power (Sunweb) r\u00e9ussissent leur oeuvre et recollent au groupe de chasse. Bizkarra et Bevin passent dans cet ordre au sommet du premier col, avant d&rsquo;\u00eatre rejoints dans la descente par les poursuivants. Parmi l&rsquo;imposant groupe, une dizaine de coureurs l\u00e2che prise, notamment Latour, et l&rsquo;on retrouve une trentaine d&rsquo;hommes en t\u00eate \u00e0 l&rsquo;abord du Coll de la Gallina (hors cat., 12,2km \u00e0 8,3%), la deuxi\u00e8me et, sans doute, la plus exigeante ascension du jour. Le peloton d&rsquo;abord conduit par Cofidis pointe alors \u00e0 pr\u00e8s de 4&prime;. Au pied, Movistar affiche ses ambitions et vient durcir l&rsquo;allure.<\/p>\n<p style=\"text-align: justify;\">Apr\u00e8s avoir lanc\u00e9 l&rsquo;\u00e9chapp\u00e9e, Geoghegan Hart attaque au d\u00e9but du col. Il est rejoint et d\u00e9pass\u00e9 par Bouchard qui r\u00e9alise un joli num\u00e9ro. A l&rsquo;arri\u00e8re, Astana vient relayer Movistar en t\u00eate du groupe des leaders et l&rsquo;allure s&rsquo;acc\u00e9l\u00e8re encore. Les coureurs l\u00e2chent les uns apr\u00e8s les autres, et le maillot rouge Nicolas Edet (Cofidis) finit par c\u00e9der \u00e0 trois kilom\u00e8tres du sommet. Dylan Teuns (Bahrain-Merida), deuxi\u00e8me du g\u00e9n\u00e9ral, est aussi distanc\u00e9. Les deux hommes vont tenter de limiter la casse avec l&rsquo;appui de Jesper Hansen (Cofidis). Devant, Bouchard est repris par Pernsteiner. Les deux hommes arrivent ensemble au sommet, le Fran\u00e7ais passant en t\u00eate. Il se d\u00e9fait m\u00eame de l&rsquo;Autrichien dans la descente technique qui suit. Au sommet, le peloton accuse un retard de 3&rsquo;18\u00a0\u00bb, le groupe Edet pointe \u00e0 4&rsquo;15\u00a0\u00bb.<\/p>\n<p style=\"text-align: justify;\">Bouchard creuse l&rsquo;\u00e9cart dans la longue descente et aborde l&rsquo;Alto de la Comella (2e cat., 4,2km \u00e0 8,6%) avec 38&Prime; sur un duo de chasse compos\u00e9 de Geoghegan Hart et O&rsquo;Connor. Un groupe avec Kelderman est toujours intercal\u00e9 \u00e0 1&rsquo;28\u00a0\u00bb alors que le groupe des favoris pointe \u00e0 4&rsquo;04\u00a0\u00bb. L&rsquo;\u00e9cart fond lorsque Miguel Angel Lopez (Astana) lance la grande explication \u00e0 19 kilom\u00e8tres du but. Bouchard passe le sommet en t\u00eate, mais voit le duo de poursuite se rapprocher. O&rsquo;Connor et Geoghegan Hart le rejoignent dans l&rsquo;Alto de Engolasters (2e cat., 4,8km \u00e0 8,1%). Seulement, Lopez se rapproche dangereusement. Le Colombien retombe d&rsquo;abord sur Gorka Izagirre, puis Fuglsang, et refait \u00e9norm\u00e9ment de terrain. Derri\u00e8re, Nairo Quintana et Alejandro Valverde (Movistar) attaquent Primoz Roglic (Jumbo-Visma) \u00e0 tour de r\u00f4le, mais en vain.<\/p>\n<p style=\"text-align: justify;\">Bouchard, O&rsquo;Connor et Geoghegan Hart ouvrent la route au sommet de l&rsquo;avant-dernier col, mais sont repris par Marc Soler, issu du gros groupe de chasse initial. L&rsquo;Espagnol les d\u00e9passe et se lance seul en t\u00eate \u00e0 l&rsquo;abord de la mont\u00e9e finale de Cortals d&rsquo;Encamp. Le groupe Valverde-Quintana revient sur Lopez, victime d&rsquo;une chute alors qu&rsquo;il dominait ses rivaux, avec notamment Pogacar et reprend les autres \u00e9chapp\u00e9s. Seul Soler se maintient en t\u00eate \u00e0 4 kilom\u00e8tres du but alors que Primoz Roglic finit par craquer. Quintana r\u00e9ussit \u00e0 sortir du groupe, mais Pogacar le suit. Soler re\u00e7oit alors l&rsquo;ordre d&rsquo;attendre son leader colombien tandis que la victoire semblait lui tendre les bras. Pogacar d\u00e9joue la strat\u00e9gie de l&rsquo;\u00e9quipe espagnole et attaque avant la jonction. Il se d\u00e9fait des Movistar \u00e0 3km du but et s&rsquo;envole seul sous une pluie battante.<\/p>\n<p style=\"text-align: justify;\">Derri\u00e8re, Valverde s&rsquo;isole et va tenter de revenir sur ses deux co\u00e9quipiers. Un cran derri\u00e8re, Roglic revient sur Lopez, le coude en sang, qui semble payer les cons\u00e9quences de sa chute. Le Slov\u00e8ne contre-attaque et r\u00e9ussit \u00e0 se d\u00e9faire de Lopez. Il revient m\u00eame sur Valverde. Devant, Pogacar tient bon en solitaire et rallie la ligne victorieusement. Le plus jeune coureur de cette Vuelta remporte la neuvi\u00e8me \u00e9tape avec 23&Prime; d&rsquo;avance sur Quintana, et 48&Prime; sur un duo Roglic-Valverde. Quintana s&#8217;empare du maillot rouge et les positions se resserrent. Roglic est deuxi\u00e8me \u00e0 6&Prime;, Lopez troisi\u00e8me \u00e0 17&Prime; et Valverde quatri\u00e8me \u00e0 20&Prime; !<\/p>\n<p style=\"text-align: justify;\"><strong>Le classement de la neuvi\u00e8me \u00e9tape :\u00a0<\/strong><\/p>\n<div class=\"css-1dbjc4n r-1pi2tsx\">\n<div class=\"css-1dbjc4n r-1adg3ll r-1udh08x\">\n<div class=\"r-1p0dtai r-1pi2tsx r-1d2f490 r-u8s1d r-ipm5af r-13qz1uu\">\n<div class=\"css-1dbjc4n r-1p0dtai r-1mlwlqe r-1d2f490 r-11wrixw r-61z16t r-1udh08x r-u8s1d r-zchlnj r-ipm5af r-417010\" aria-label=\"Image\"><img decoding=\"async\" class=\"css-9pa8cd\" draggable=\"false\" src=\"https:\/\/pbs.twimg.com\/media\/EDZCFMEXUAEKDOR?format=jpg&amp;name=small\" alt=\"Image\" \/><\/div>\n<\/div>\n<\/div>\n<\/div>\n<p style=\"text-align: justify;\"><strong>Le classement g\u00e9n\u00e9ral apr\u00e8s la neuvi\u00e8me \u00e9tape :\u00a0<\/strong><\/p>\n<div class=\"css-1dbjc4n r-1pi2tsx\">\n<div class=\"css-1dbjc4n r-1adg3ll r-1udh08x\">\n<div class=\"r-1p0dtai r-1pi2tsx r-1d2f490 r-u8s1d r-ipm5af r-13qz1uu\">\n<div class=\"css-1dbjc4n r-1p0dtai r-1mlwlqe r-1d2f490 r-11wrixw r-61z16t r-1udh08x r-u8s1d r-zchlnj r-ipm5af r-417010\" aria-label=\"Image\">\n<div class=\"css-1dbjc4n r-1pi2tsx\">\n<div class=\"css-1dbjc4n r-1adg3ll r-1udh08x\">\n<div class=\"r-1p0dtai r-1pi2tsx r-1d2f490 r-u8s1d r-ipm5af r-13qz1uu\">\n<div class=\"css-1dbjc4n r-1p0dtai r-1mlwlqe r-1d2f490 r-11wrixw r-61z16t r-1udh08x r-u8s1d r-zchlnj r-ipm5af r-417010\" aria-label=\"Image\"><img decoding=\"async\" class=\"css-9pa8cd\" draggable=\"false\" src=\"https:\/\/pbs.twimg.com\/media\/EDZD8R-XoAAjaj-?format=jpg&amp;name=small\" alt=\"Image\" \/><\/div>\n<\/div>\n<\/div>\n<\/div>\n<\/div>\n<\/div>\n<\/div>\n<\/div>\n<p style=\"text-align: justify;\">\n","protected":false},"excerpt":{"rendered":"<p>Tadej Pogacar a remport\u00e9 une \u00e9tape compl\u00e8tement folle ce dimanche. Apr\u00e8s un final disput\u00e9 dans des conditions dantesques, le plus jeune coureur de la Vuelta s&rsquo;est impos\u00e9 en solitaire au sommet de Cortals d&rsquo;Encamp. Nairo Quintana a pris la deuxi\u00e8me place et s&#8217;empare du maillot rouge. Primoz Roglic, troisi\u00e8me, et Alejandro Valverde, quatri\u00e8me, ont termin\u00e9 &hellip;<\/p>\n","protected":false},"author":15,"featured_media":137476,"comment_status":"open","ping_status":"open","sticky":false,"template":"","format":"standard","meta":{"footnotes":""},"categories":[27,17,14,15,59,19,28],"tags":[],"class_list":["post-137347","post","type-post","status-publish","format-standard","has-post-thumbnail","hentry","category-gros-bloc","category-une","category-resultats","category-route","category-vuelta-a-espana-tour-espagne","category-worldtour","category-course"],"_links":{"self":[{"href":"https:\/\/cyclingpro.net\/velopro\/wp-json\/wp\/v2\/posts\/137347","targetHints":{"allow":["GET"]}}],"collection":[{"href":"https:\/\/cyclingpro.net\/velopro\/wp-json\/wp\/v2\/posts"}],"about":[{"href":"https:\/\/cyclingpro.net\/velopro\/wp-json\/wp\/v2\/types\/post"}],"author":[{"embeddable":true,"href":"https:\/\/cyclingpro.net\/velopro\/wp-json\/wp\/v2\/users\/15"}],"replies":[{"embeddable":true,"href":"https:\/\/cyclingpro.net\/velopro\/wp-json\/wp\/v2\/comments?post=137347"}],"version-history":[{"count":13,"href":"https:\/\/cyclingpro.net\/velopro\/wp-json\/wp\/v2\/posts\/137347\/revisions"}],"predecessor-version":[{"id":137480,"href":"https:\/\/cyclingpro.net\/velopro\/wp-json\/wp\/v2\/posts\/137347\/revisions\/137480"}],"wp:featuredmedia":[{"embeddable":true,"href":"https:\/\/cyclingpro.net\/velopro\/wp-json\/wp\/v2\/media\/137476"}],"wp:attachment":[{"href":"https:\/\/cyclingpro.net\/velopro\/wp-json\/wp\/v2\/media?parent=137347"}],"wp:term":[{"taxonomy":"category","embeddable":true,"href":"https:\/\/cyclingpro.net\/velopro\/wp-json\/wp\/v2\/categories?post=137347"},{"taxonomy":"post_tag","embeddable":true,"href":"https:\/\/cyclingpro.net\/velopro\/wp-json\/wp\/v2\/tags?post=137347"}],"curies":[{"name":"wp","href":"https:\/\/api.w.org\/{rel}","templated":true}]}}