{"id":137245,"date":"2019-09-01T10:48:35","date_gmt":"2019-09-01T08:48:35","guid":{"rendered":"https:\/\/cyclingpro.net\/velopro\/?p=137245"},"modified":"2019-09-01T11:09:21","modified_gmt":"2019-09-01T09:09:21","slug":"martijn-tusveld-on-ne-saura-jamais-ce-quil-se-serait-passer-si-jetais-reste-sur-mon-velo","status":"publish","type":"post","link":"https:\/\/cyclingpro.net\/velopro\/course\/vuelta-a-espana-tour-espagne\/martijn-tusveld-on-ne-saura-jamais-ce-quil-se-serait-passer-si-jetais-reste-sur-mon-velo\/","title":{"rendered":"Martijn Tusveld : \u00ab On ne saura jamais ce qu&rsquo;il se serait pass\u00e9 si j&rsquo;\u00e9tais rest\u00e9 sur mon v\u00e9lo \u00bb"},"content":{"rendered":"<p style=\"text-align: justify;\">Partag\u00e9 entre la d\u00e9ception et <span style=\"text-decoration: underline;\"><a href=\"https:\/\/cyclingpro.net\/velopro\/course\/vuelta-a-espana-tour-espagne\/vuelta-nikias-arndt-regle-lechappee-au-sprint-nicolas-edet-sempare-du-maillot-rouge\/\">la victoire de son \u00e9quipier<\/a><\/span>,\u00a0Martijn Tusveld a v\u00e9cu une journ\u00e9e particuli\u00e8re, hier, \u00e0 l&rsquo;arriv\u00e9e d&rsquo;Igualada. Sur cette huiti\u00e8me \u00e9tape de la Vuelta, la formation Sunweb \u00e9tait pr\u00e9sente dans l&rsquo;\u00e9chapp\u00e9e victorieuse avec deux coureurs, Tusveld et son sprinteur Nikias Arndt. Le N\u00e9erlandais, poussant ses limites, chute \u00e0 quelques kilom\u00e8tres de l&rsquo;arriv\u00e9e. Le coureur de 25 ans \u00e9tait en t\u00eate \u00e0 5km de l&rsquo;arriv\u00e9e avant de tomber dans un rond-point, \u00e0 cause des conditions m\u00e9t\u00e9orologiques difficiles. \u00c0 l&rsquo;arriv\u00e9e, il d\u00e9livrait ses premi\u00e8res sensations apr\u00e8s sa chute ainsi que la tactique mise en place par son \u00e9quipe.<\/p>\n<h6><strong><a href=\"https:\/\/cyclingpro.net\/velopro\/course\/vuelta-a-espana-tour-espagne\/nikias-arndt-vraiment-heureux-de-gagner-a-nouveau\/\">Lire aussi &gt; Nikias Arndt : \u00ab Vraiment heureux de gagner \u00e0 nouveau \u00bb<\/a><\/strong><\/h6>\n<p style=\"text-align: justify;\"><em>\u00ab Je vais assez bien apr\u00e8s la chute, heureusement, j&rsquo;\u00e9tais vraiment bien dans le final&#8230; J&rsquo;ai d\u00e9cid\u00e9 de tenter ma chance et de tout donner, avec Nikias derri\u00e8re, c&rsquo;\u00e9tait surement le plus rapide. J&rsquo;ai donc d\u00e9cid\u00e9 d&rsquo;attaquer pour qu&rsquo;il puisse s&rsquo;\u00e9conomiser, je suis heureux qu&rsquo;il ait remport\u00e9 l&rsquo;\u00e9tape. C&rsquo;\u00e9tait le plan, lorsqu&rsquo;il est revenu mon but \u00e9tait de couvrir les attaques des autres coureurs. Je suis d\u00e9go\u00fbt\u00e9 d&rsquo;\u00eatre tomb\u00e9, mais on ne saura jamais ce qu&rsquo;il se serait passer si j&rsquo;\u00e9tais rest\u00e9 sur mon v\u00e9lo. Champagne tout de m\u00eame! \u00bb<\/em><\/p>\n<p><strong>L&rsquo;interview compl\u00e8te de Martijn Tusveld :<\/strong><\/p>\n<p><iframe loading=\"lazy\" src=\"\/\/www.youtube.com\/embed\/2VlYAkiuQXY\" width=\"560\" height=\"314\" allowfullscreen=\"allowfullscreen\"><\/iframe><\/p>\n","protected":false},"excerpt":{"rendered":"<p>Partag\u00e9 entre la d\u00e9ception et la victoire de son \u00e9quipier,\u00a0Martijn Tusveld a v\u00e9cu une journ\u00e9e particuli\u00e8re, hier, \u00e0 l&rsquo;arriv\u00e9e d&rsquo;Igualada. Sur cette huiti\u00e8me \u00e9tape de la Vuelta, la formation Sunweb \u00e9tait pr\u00e9sente dans l&rsquo;\u00e9chapp\u00e9e victorieuse avec deux coureurs, Tusveld et son sprinteur Nikias Arndt. Le N\u00e9erlandais, poussant ses limites, chute \u00e0 quelques kilom\u00e8tres de l&rsquo;arriv\u00e9e. &hellip;<\/p>\n","protected":false},"author":18,"featured_media":137250,"comment_status":"open","ping_status":"open","sticky":false,"template":"","format":"standard","meta":{"footnotes":""},"categories":[11,8,25,15,18,59,19,28],"tags":[],"class_list":["post-137245","post","type-post","status-publish","format-standard","has-post-thumbnail","hentry","category-news-niveau-2","category-interviews","category-news","category-route","category-videos","category-vuelta-a-espana-tour-espagne","category-worldtour","category-course"],"_links":{"self":[{"href":"https:\/\/cyclingpro.net\/velopro\/wp-json\/wp\/v2\/posts\/137245","targetHints":{"allow":["GET"]}}],"collection":[{"href":"https:\/\/cyclingpro.net\/velopro\/wp-json\/wp\/v2\/posts"}],"about":[{"href":"https:\/\/cyclingpro.net\/velopro\/wp-json\/wp\/v2\/types\/post"}],"author":[{"embeddable":true,"href":"https:\/\/cyclingpro.net\/velopro\/wp-json\/wp\/v2\/users\/18"}],"replies":[{"embeddable":true,"href":"https:\/\/cyclingpro.net\/velopro\/wp-json\/wp\/v2\/comments?post=137245"}],"version-history":[{"count":6,"href":"https:\/\/cyclingpro.net\/velopro\/wp-json\/wp\/v2\/posts\/137245\/revisions"}],"predecessor-version":[{"id":137264,"href":"https:\/\/cyclingpro.net\/velopro\/wp-json\/wp\/v2\/posts\/137245\/revisions\/137264"}],"wp:featuredmedia":[{"embeddable":true,"href":"https:\/\/cyclingpro.net\/velopro\/wp-json\/wp\/v2\/media\/137250"}],"wp:attachment":[{"href":"https:\/\/cyclingpro.net\/velopro\/wp-json\/wp\/v2\/media?parent=137245"}],"wp:term":[{"taxonomy":"category","embeddable":true,"href":"https:\/\/cyclingpro.net\/velopro\/wp-json\/wp\/v2\/categories?post=137245"},{"taxonomy":"post_tag","embeddable":true,"href":"https:\/\/cyclingpro.net\/velopro\/wp-json\/wp\/v2\/tags?post=137245"}],"curies":[{"name":"wp","href":"https:\/\/api.w.org\/{rel}","templated":true}]}}