{"id":137238,"date":"2019-09-01T10:34:07","date_gmt":"2019-09-01T08:34:07","guid":{"rendered":"https:\/\/cyclingpro.net\/velopro\/?p=137238"},"modified":"2019-09-01T10:34:07","modified_gmt":"2019-09-01T08:34:07","slug":"gp-jef-scherens-2019-la-presentation","status":"publish","type":"post","link":"https:\/\/cyclingpro.net\/velopro\/course\/gp-jef-scherens\/gp-jef-scherens-2019-la-presentation\/","title":{"rendered":"GP Jef Scherens 2019 : La pr\u00e9sentation"},"content":{"rendered":"<p><strong>53e \u00e9dition du GP Jef Scherens (1.1), dimanche 1er septembre<\/strong><br \/>\n<strong>Louvain &gt; Louvain, 186km<\/strong><\/p>\n<p><strong>Derniers vainqueurs :\u00a0<\/strong><\/p>\n<p>2018 | Jasper Stuyven<br \/>\n2017 | Timothy Dupont<br \/>\n2016 | Dimitri Claeys<br \/>\n2015 | Bj\u00f6rn Leukemans<br \/>\n2014 | Andr\u00e9 Greipel<br \/>\n2013 | Bert De Backer<br \/>\n2012 | Steven Caethoven<br \/>\n2011 | J\u00e9r\u00f4me Pineau<br \/>\n2010 | Lars Boom<br \/>\n2009 | Sebastian Langeveld<\/p>\n<p><strong>Infos :\u00a0<\/strong><\/p>\n<p style=\"text-align: justify;\">Apr\u00e8s <span style=\"text-decoration: underline;\"><a href=\"https:\/\/cyclingpro.net\/velopro\/course\/omloop-mandel-leie\/omloop-mandel-leie-niccolo-bonifazio-domine-lemballage\/\">la victoire de Niccolo Bonifazio<\/a><\/span> (Total Direct Energie) sur l&rsquo;Omloop Mandel-Leie, les m\u00eames coureurs se d\u00e9placent pour le GP Jef Scherens, ce dimanche. Pour cette nouvelle course en circuit, un sprint massif semble moins in\u00e9vitable que la veille. Il y a ainsi quelques courtes bosses sur la boucle de 14 kilom\u00e8tres \u00e0 couvrir 13 fois. De quoi offrir au moins une issue incertaine et une belle bataille entre attaquants et sprinteurs.<\/p>\n<p style=\"text-align: justify;\">A noter que trois formations WorldTour avaient fait le d\u00e9placement l&rsquo;an pass\u00e9. Il n&rsquo;y en a aucune cette ann\u00e9e, Jasper Stuyven ne d\u00e9fendra donc pas son titre. En forme et en confiance, Bonifazio fait alors figure de favoris en cas d&rsquo;arriv\u00e9e group\u00e9e. Deuxi\u00e8me la veille, Timothy Dupont (Wanty-Gobert) tentera de prendre sa revanche. D&rsquo;autant qu&rsquo;il a remport\u00e9 l&rsquo;\u00e9preuve il y a deux ans. Enfin, Dimitri Claeys, vainqueur en 2016, t\u00e2chera lui de poursuivre la belle dynamique des Cofidis.<\/p>\n<p><strong>Carte et profils :\u00a0<\/strong><\/p>\n<div id='gallery-1' class='gallery galleryid-137238 gallery-columns-3 gallery-size-thumbnail'><figure class='gallery-item'>\n\t\t\t<div class='gallery-icon portrait'>\n\t\t\t\t<a href='https:\/\/cyclingpro.net\/velopro\/course\/gp-jef-scherens\/gp-jef-scherens-2019-la-presentation\/attachment\/gp-jef-scherens-carte\/'><img loading=\"lazy\" decoding=\"async\" width=\"150\" height=\"150\" src=\"https:\/\/cyclingpro.net\/velopro\/wp-content\/uploads\/2019\/09\/GP-jef-scherens-carte-150x150.jpg\" class=\"attachment-thumbnail size-thumbnail\" alt=\"\" \/><\/a>\n\t\t\t<\/div><\/figure><figure class='gallery-item'>\n\t\t\t<div class='gallery-icon portrait'>\n\t\t\t\t<a href='https:\/\/cyclingpro.net\/velopro\/course\/gp-jef-scherens\/gp-jef-scherens-2019-la-presentation\/attachment\/gp-jef-scherens-profil\/'><img loading=\"lazy\" decoding=\"async\" width=\"150\" height=\"150\" src=\"https:\/\/cyclingpro.net\/velopro\/wp-content\/uploads\/2019\/09\/gp-jef-scherens-profil-150x150.jpg\" class=\"attachment-thumbnail size-thumbnail\" alt=\"\" \/><\/a>\n\t\t\t<\/div><\/figure>\n\t\t<\/div>\n\n<p><strong>Liste des engag\u00e9s :\u00a0<\/strong><\/p>\n<p><strong>Cofidis, Solutions Cr\u00e9dits<\/strong><br \/>\n1 CLAEYS Dimitri<br \/>\n2 HOFSTETTER Hugo<br \/>\n3 LEYDER Pit<br \/>\n5 SOUPE Geoffrey<br \/>\n6 VAN LERBERGHE Bert<br \/>\n7 WAEYTENS Zico<\/p>\n<p><strong>Corendon &#8211; Circus<\/strong><br \/>\n11 DE BONDT Dries<br \/>\n12 JANSSENS Jimmy<br \/>\n13 MEISEN Marcel<br \/>\n14 STALLAERT Joeri<br \/>\n15 VERGAERDE Otto<br \/>\n16 VERMEERSCH Gianni<br \/>\n17 WALSLEBEN Philipp<\/p>\n<p><strong>Hagens Berman Axeon<\/strong><br \/>\n21 BROWN Jonny<br \/>\n22 GARRISON Ian<br \/>\n23 RICE Michael<br \/>\n24 CARVALHO Andre<br \/>\n25 VACEK Karel<br \/>\n26 VERMAERKE Kevin<br \/>\n27 ZIJLAARD Maikel<\/p>\n<p><strong>Israel Cycling Academy<\/strong><br \/>\n31 DEMPSTER Zak<br \/>\n32 EINHORN Itamar<br \/>\n33 JENSEN August<br \/>\n34 PERRY Ben<br \/>\n35 R\u00c4IM Mihkel<br \/>\n36 SCHREURS Hamish<br \/>\n37 VAN ASBROECK Tom<\/p>\n<p><strong>Riwal Readynez Cycling Team<\/strong><br \/>\n41 BR\u00d8CHNER Nicolai<br \/>\n42 ERIKSSON Lucas<br \/>\n43 HAGEN Krister<br \/>\n44 KAMP Alexander<br \/>\n45 LUNKE Sindre<br \/>\n46 VINJEBO Emil<br \/>\n47 WALLIN Rasmus B\u00f8gh<\/p>\n<p><strong>Roompot &#8211; Charles<\/strong><br \/>\n51 VAN DER LIJKE Nick<br \/>\n52 DUIJN Huub<br \/>\n53 LAMMERTINK Maurits<br \/>\n54 WEENING Pieter<br \/>\n55 VAN GINNEKEN Sjoerd<br \/>\n56 DE BIE Sean<br \/>\n57 LIVYNS Arjen<\/p>\n<p><strong>Sport Vlaanderen &#8211; Baloise<\/strong><br \/>\n61 CAPIOT Amaury<br \/>\n62 DECLERCQ Benjamin<br \/>\n63 ALLEGAERT Piet<br \/>\n64 NOPPE Christophe<br \/>\n65 SPRENGERS Thomas<br \/>\n66 VAN GESTEL Dries<br \/>\n67 VAN GOMPEL Mathias<\/p>\n<p><strong>Team Total Direct Energie<\/strong><br \/>\n71 BONIFAZIO Niccol\u00f2<br \/>\n72 CARDIS Romain<br \/>\n73 HIVERT Jonathan<br \/>\n74 JOURNIAUX Axel<br \/>\n75 PETIT Adrien<br \/>\n76 TULIK Angelo<br \/>\n77 TURGIS Anthony<\/p>\n<p><strong>Vital Concept &#8211; B&amp;B Hotels<\/strong><br \/>\n81 BOECKMANS Kris<br \/>\n83 ERMENAULT Corentin<br \/>\n84 GAREL Adrien<br \/>\n85 LECROQ J\u00e9r\u00e9my<br \/>\n86 MORICE Julien<br \/>\n87 VAN GENECHTEN Jonas<\/p>\n<p><strong>Wallonie-Bruxelles<\/strong><br \/>\n91 ISTA Kevyn<br \/>\n92 JULES Justin<br \/>\n93 LIETAER Eliot<br \/>\n94 MORTIER Julien<br \/>\n95 PAASSCHENS Mathijs<br \/>\n96 PLANCKAERT Baptiste<br \/>\n97 TAMINIAUX Lionel<\/p>\n<p><strong>Wanty &#8211; Gobert Cycling Team<\/strong><br \/>\n101 BAUGNIES J\u00e9r\u00f4me<br \/>\n102 DE GENDT Aim\u00e9<br \/>\n103 DUPONT Timothy<br \/>\n104 MEURISSE Xandro<br \/>\n105 BEULLENS C\u00e9dric<br \/>\n106 DEVRIENDT Tom<br \/>\n107 TRONDSEN Trond<\/p>\n<p><strong>BEAT Cycling Club<\/strong><br \/>\n111 BUDDING Martijn<br \/>\n112 BUGTER Luuc<br \/>\n113 COOLEN Yves<br \/>\n114 HAVIK Piotr<br \/>\n115 HOEYBERGHS Daan<br \/>\n116 LEWIS Adam<br \/>\n117 SEYE Guillaume<\/p>\n<p><strong>Development Team Sunweb<\/strong><br \/>\n121 MAAS Edo<br \/>\n122 M\u00c4RKL Niklas<br \/>\n123 MAYRHOFER Marius<br \/>\n124 MOBACH Jarno<br \/>\n125 NABERMAN Tim<br \/>\n126 SALMON Martin<br \/>\n127 SINSCHEK Nils<\/p>\n<p><strong>IAM Excelsior<\/strong><br \/>\n131 DAVIS Corey<br \/>\n132 LIENHARD Fabian<br \/>\n133 PAGE Dylan<br \/>\n134 PELLAUD Simon<br \/>\n135 SCH\u00c4PPI Martin<br \/>\n136 ZOCCARATO Samuele<\/p>\n<p><strong>Tarteletto &#8211; Isorex<\/strong><br \/>\n141 DE ROOZE Niels<br \/>\n142 SEFA Ylber<br \/>\n143 STOCKMAN Abram<br \/>\n144 STOCKMAN Michiel<br \/>\n145 VAN BREUSSEGEM Elias<br \/>\n146 VAN DEN BRANDE Julien<br \/>\n147 VAN DINGENEN Jordi<\/p>\n<p><strong>Cibel<\/strong><br \/>\n151 COOLS Alexander<br \/>\n152 DEPREZ Tuur<br \/>\n153 DIELEMAN Michiel<br \/>\n154 EYSKENS Jeroen<br \/>\n155 RAYMACKERS Cedric<br \/>\n156 RELAES Jacob<br \/>\n157 REYNAERTS Wim<\/p>\n<p><strong>Team Coop<\/strong><br \/>\n161 AALRUST Hakon<br \/>\n162 AASVOLD Kristian<br \/>\n163 BENDIXEN Louis<br \/>\n164 ERIKSSON Jacob<br \/>\n165 HJEMSAETER Olav<br \/>\n166 LUNDER Erik<\/p>\n<p><strong>Team Differdange &#8211; GeBa<\/strong><br \/>\n171 ANDERSSON Andreas<br \/>\n172 CENTRONE Ivan<br \/>\n173 FRANZ Toni<br \/>\n174 PATTYN Jeroen<br \/>\n175 PETELIN Jan<br \/>\n176 R\u00d3ZSA Bal\u00e1zs<br \/>\n177 THILL Tom<\/p>\n<p><strong>EvoPro Racing<\/strong><br \/>\n181 FEELEY Daire<br \/>\n182 GATE Aaron<br \/>\n183 KONING Peter<br \/>\n184 MONK Cyrus<br \/>\n185 MUDGWAY Luke<br \/>\n186 SWEENY Harry<br \/>\n187 WIPPERT Wouter<\/p>\n","protected":false},"excerpt":{"rendered":"<p>53e \u00e9dition du GP Jef Scherens (1.1), dimanche 1er septembre Louvain &gt; Louvain, 186km Derniers vainqueurs :\u00a0 2018 | Jasper Stuyven 2017 | Timothy Dupont 2016 | Dimitri Claeys 2015 | Bj\u00f6rn Leukemans 2014 | Andr\u00e9 Greipel 2013 | Bert De Backer 2012 | Steven Caethoven 2011 | J\u00e9r\u00f4me Pineau 2010 | Lars Boom 2009 &hellip;<\/p>\n","protected":false},"author":15,"featured_media":137247,"comment_status":"open","ping_status":"open","sticky":false,"template":"","format":"standard","meta":{"footnotes":""},"categories":[11,155,24,15,28],"tags":[],"class_list":["post-137238","post","type-post","status-publish","format-standard","has-post-thumbnail","hentry","category-news-niveau-2","category-gp-jef-scherens","category-presentation-course","category-route","category-course"],"_links":{"self":[{"href":"https:\/\/cyclingpro.net\/velopro\/wp-json\/wp\/v2\/posts\/137238","targetHints":{"allow":["GET"]}}],"collection":[{"href":"https:\/\/cyclingpro.net\/velopro\/wp-json\/wp\/v2\/posts"}],"about":[{"href":"https:\/\/cyclingpro.net\/velopro\/wp-json\/wp\/v2\/types\/post"}],"author":[{"embeddable":true,"href":"https:\/\/cyclingpro.net\/velopro\/wp-json\/wp\/v2\/users\/15"}],"replies":[{"embeddable":true,"href":"https:\/\/cyclingpro.net\/velopro\/wp-json\/wp\/v2\/comments?post=137238"}],"version-history":[{"count":2,"href":"https:\/\/cyclingpro.net\/velopro\/wp-json\/wp\/v2\/posts\/137238\/revisions"}],"predecessor-version":[{"id":137248,"href":"https:\/\/cyclingpro.net\/velopro\/wp-json\/wp\/v2\/posts\/137238\/revisions\/137248"}],"wp:featuredmedia":[{"embeddable":true,"href":"https:\/\/cyclingpro.net\/velopro\/wp-json\/wp\/v2\/media\/137247"}],"wp:attachment":[{"href":"https:\/\/cyclingpro.net\/velopro\/wp-json\/wp\/v2\/media?parent=137238"}],"wp:term":[{"taxonomy":"category","embeddable":true,"href":"https:\/\/cyclingpro.net\/velopro\/wp-json\/wp\/v2\/categories?post=137238"},{"taxonomy":"post_tag","embeddable":true,"href":"https:\/\/cyclingpro.net\/velopro\/wp-json\/wp\/v2\/tags?post=137238"}],"curies":[{"name":"wp","href":"https:\/\/api.w.org\/{rel}","templated":true}]}}