{"id":137190,"date":"2019-08-31T19:07:12","date_gmt":"2019-08-31T17:07:12","guid":{"rendered":"https:\/\/cyclingpro.net\/velopro\/?p=137190"},"modified":"2019-08-31T19:07:27","modified_gmt":"2019-08-31T17:07:27","slug":"nikias-arndt-vraiment-heureux-de-gagner-a-nouveau","status":"publish","type":"post","link":"https:\/\/cyclingpro.net\/velopro\/course\/vuelta-a-espana-tour-espagne\/nikias-arndt-vraiment-heureux-de-gagner-a-nouveau\/","title":{"rendered":"Nikias Arndt : \u00ab Vraiment heureux de gagner \u00e0 nouveau \u00bb"},"content":{"rendered":"<p style=\"text-align: justify;\">Nikias Arndt attendait de lever les bras depuis deux ans et demi et sa victoire sur la Cadel Evans Road Race. Sprinteur de formation, c&rsquo;est bien sur une pointe qu&rsquo;il a renou\u00e9 avec la victoire ce samedi, <span style=\"text-decoration: underline;\"><a href=\"https:\/\/cyclingpro.net\/velopro\/course\/vuelta-a-espana-tour-espagne\/vuelta-nikias-arndt-regle-lechappee-au-sprint-nicolas-edet-sempare-du-maillot-rouge\/\">mais en dominant l&rsquo;\u00e9chapp\u00e9e au terme d&rsquo;une \u00e9tape accident\u00e9e<\/a><\/span>. A la limite sur le Puerto de Montserrat (7,4km \u00e0 6,6%), l&rsquo;unique difficult\u00e9 r\u00e9pertori\u00e9e sur le parcours, l&rsquo;imposant coureur allemand s&rsquo;est battu pour rester en t\u00eate de course. S&rsquo;il a conc\u00e9d\u00e9 un petit \u00e9cart au sommet, il a su revenir dans la descente avant de b\u00e9n\u00e9ficier du travail de son co\u00e9quipier Martijn Tusveld, \u00e0 l&rsquo;attaque dans le final avant d&rsquo;\u00eatre repris et de laisser place au sprint en comit\u00e9 r\u00e9duit.<\/p>\n<h6><strong><a href=\"https:\/\/cyclingpro.net\/velopro\/course\/vuelta-a-espana-tour-espagne\/vuelta-le-final-de-la-huitieme-etape-en-video\/\">A voir &gt; Le final de la huiti\u00e8me \u00e9tape en vid\u00e9o<\/a><\/strong><\/h6>\n<p style=\"text-align: justify;\">\u00ab <em>C&rsquo;est incroyable, g\u00e9nial ! Quand j&rsquo;ai pass\u00e9 la ligne, je savais que j&rsquo;avais gagn\u00e9, mais je n&rsquo;arrivais pas \u00e0 y croire. \u00c7a fait un moment que je ne m&rsquo;\u00e9tais plus impos\u00e9<\/em>. <em>Je suis vraiment heureux de gagner \u00e0 nouveau, <\/em>jubilait Arndt \u00e0 notre micro<em>. Je me sens tr\u00e8s bien depuis le d\u00e9part de la Vuelta et aujourd&rsquo;hui j&rsquo;ai pu conclure avec l&rsquo;aide de Martijn (Tusveld). Le col \u00e9tait vraiment dur pour moi, j&rsquo;ai fait l&rsquo;ascension 1% en-dessous de ma limite pour ne pas exploser. J&rsquo;ai \u00e9t\u00e9 un peu distanc\u00e9, mais j&rsquo;ai pu revenir. Ensuite, j&rsquo;ai cru en moi. Le travail de Martijn m&rsquo;a aussi permis de conserver de l&rsquo;\u00e9nergie. Je suis ravi d&rsquo;avoir pu conclure ce travail d&rsquo;\u00e9quipe.<\/em> \u00bb<\/p>\n<p style=\"text-align: justify;\">D&rsquo;abord venu sur la Vuelta pour aider Max Walscheid dans les emballages, le coureur allemand de 27 ans revenait ensuite sur son changement de statut. Notamment vainqueur au sprint d&rsquo;une \u00e9tape sur le Giro, en 2016, et sur le Dauphin\u00e9, en 2014, Arndt semble d\u00e9sormais s&rsquo;\u00e9panouir dans un r\u00f4le d&rsquo;\u00e9quipier. \u00ab <em>Ici, le sprinteur c&rsquo;est Max Walscheid. Il est notre coureur le plus rapide. Je n&rsquo;ai pas ma chance sur les sprints, mais j&rsquo;ai de bonnes jambes. Je dois continuer \u00e0 saisir ce type d&rsquo;opportunit\u00e9s, car je peux gagner un sprint en comit\u00e9 r\u00e9duit. Donc bien s\u00fbr mon r\u00f4le a chang\u00e9. Si je veux gagner maintenant, je dois saisir ma chance autrement.<\/em> \u00bb<\/p>\n<p><strong>L&rsquo;int\u00e9gralit\u00e9 de sa r\u00e9action (en anglais) :\u00a0<\/strong><\/p>\n<p><span class=\"7UNRobfKDF3xptqdL6TZHeIyXEczP24YWSVwJl9kCrGBsv1hgiM05jOAnmu\"><iframe loading=\"lazy\" title=\"Nikias Arndt - Post-race interview - Stage 8 - Vuelta a Espa\u00f1a 2019\" width=\"500\" height=\"281\" src=\"https:\/\/www.youtube.com\/embed\/83P4F9jpQfk?feature=oembed\" frameborder=\"0\" allow=\"accelerometer; autoplay; clipboard-write; encrypted-media; gyroscope; picture-in-picture; web-share\" referrerpolicy=\"strict-origin-when-cross-origin\" allowfullscreen><\/iframe><\/span><\/p>\n","protected":false},"excerpt":{"rendered":"<p>Nikias Arndt attendait de lever les bras depuis deux ans et demi et sa victoire sur la Cadel Evans Road Race. Sprinteur de formation, c&rsquo;est bien sur une pointe qu&rsquo;il a renou\u00e9 avec la victoire ce samedi, mais en dominant l&rsquo;\u00e9chapp\u00e9e au terme d&rsquo;une \u00e9tape accident\u00e9e. A la limite sur le Puerto de Montserrat (7,4km &hellip;<\/p>\n","protected":false},"author":15,"featured_media":137200,"comment_status":"open","ping_status":"open","sticky":false,"template":"","format":"standard","meta":{"footnotes":""},"categories":[17,8,15,18,59,19,28],"tags":[],"class_list":["post-137190","post","type-post","status-publish","format-standard","has-post-thumbnail","hentry","category-une","category-interviews","category-route","category-videos","category-vuelta-a-espana-tour-espagne","category-worldtour","category-course"],"_links":{"self":[{"href":"https:\/\/cyclingpro.net\/velopro\/wp-json\/wp\/v2\/posts\/137190","targetHints":{"allow":["GET"]}}],"collection":[{"href":"https:\/\/cyclingpro.net\/velopro\/wp-json\/wp\/v2\/posts"}],"about":[{"href":"https:\/\/cyclingpro.net\/velopro\/wp-json\/wp\/v2\/types\/post"}],"author":[{"embeddable":true,"href":"https:\/\/cyclingpro.net\/velopro\/wp-json\/wp\/v2\/users\/15"}],"replies":[{"embeddable":true,"href":"https:\/\/cyclingpro.net\/velopro\/wp-json\/wp\/v2\/comments?post=137190"}],"version-history":[{"count":3,"href":"https:\/\/cyclingpro.net\/velopro\/wp-json\/wp\/v2\/posts\/137190\/revisions"}],"predecessor-version":[{"id":137201,"href":"https:\/\/cyclingpro.net\/velopro\/wp-json\/wp\/v2\/posts\/137190\/revisions\/137201"}],"wp:featuredmedia":[{"embeddable":true,"href":"https:\/\/cyclingpro.net\/velopro\/wp-json\/wp\/v2\/media\/137200"}],"wp:attachment":[{"href":"https:\/\/cyclingpro.net\/velopro\/wp-json\/wp\/v2\/media?parent=137190"}],"wp:term":[{"taxonomy":"category","embeddable":true,"href":"https:\/\/cyclingpro.net\/velopro\/wp-json\/wp\/v2\/categories?post=137190"},{"taxonomy":"post_tag","embeddable":true,"href":"https:\/\/cyclingpro.net\/velopro\/wp-json\/wp\/v2\/tags?post=137190"}],"curies":[{"name":"wp","href":"https:\/\/api.w.org\/{rel}","templated":true}]}}