{"id":137069,"date":"2019-08-31T14:37:23","date_gmt":"2019-08-31T12:37:23","guid":{"rendered":"https:\/\/cyclingpro.net\/velopro\/?p=137069"},"modified":"2019-08-31T14:40:41","modified_gmt":"2019-08-31T12:40:41","slug":"deceuninck-quick-step-signe-mauri-vansevenant","status":"publish","type":"post","link":"https:\/\/cyclingpro.net\/velopro\/mercato\/deceuninck-quick-step-signe-mauri-vansevenant\/","title":{"rendered":"Deceuninck-Quick Step signe Mauri Vansevenant"},"content":{"rendered":"<p style=\"text-align: justify;\">Un jeune talent de plus dans les rangs de la Deceuninck-Quick Step. <a href=\"https:\/\/cyclingpro.net\/velopro\/mercato\/remco-evenepoel-et-deceuninck-quick-step-lies-jusquen-2023\/\">Apr\u00e8s la prolongation longue dur\u00e9e de <span style=\"text-decoration: underline;\">Remco Evenepoel<\/span><\/a>, l&rsquo;\u00e9quipe de Patrick Lef\u00e9v\u00e8re s&rsquo;est entendue avec Mauri Vansevenant, pour 3 ans et demi, \u00e0 partir du 1er juillet 2020. Le grimpeur belge de 20 ans vient de terminer sixi\u00e8me du Tour de l&rsquo;Avenir, apr\u00e8s avoir port\u00e9 le maillot jaune pendant une \u00e9tape. Auparavant, il avait remport\u00e9 le Tour de la Vall\u00e9e d&rsquo;Aoste.<\/p>\n<p style=\"text-align: justify;\">\u00ab <em>J&rsquo;esp\u00e8re progresser au sein de l&rsquo;\u00e9quipe et apprendre de leurs m\u00e9thodes pour avoir un bel avenir. J&rsquo;ai parl\u00e9 \u00e0 Patrick et nous nous sommes rapidement entendus. J&rsquo;\u00e9tais en contact avec plusieurs \u00e9quipes, mais je sais d\u00e9j\u00e0 que j&rsquo;ai pris la bonne d\u00e9cision. C&rsquo;est l&rsquo;\u00e9quipe parfaite pour moi<\/em>, se r\u00e9jouissait Vansevenant.\u00a0 <em>Pour la suite de la saison, je vais tenter de continuer \u00e0 grandir et \u00e0 devenir plus fort, en m\u00eame temps que je termine mes \u00e9tudes. Je sais que la premi\u00e8re saison risque d&rsquo;\u00eatre difficile, mais je suis impatient. L&rsquo;\u00e9quipe a toujours travaill\u00e9 avec des jeunes et les a aid\u00e9s \u00e0 se d\u00e9velopper, ce qui est tr\u00e8s important pour moi.<\/em> \u00bb<\/p>\n<blockquote class=\"twitter-tweet\">\n<p dir=\"ltr\" lang=\"en\">We are happy to announce that we have signed Giro della Valle d&rsquo;Aosta winner Mauri Vansevenant, who will join the team next summer: <a href=\"https:\/\/t.co\/A7zUxZR6tG\">https:\/\/t.co\/A7zUxZR6tG<\/a> <a href=\"https:\/\/t.co\/ko6uYiSlPp\">pic.twitter.com\/ko6uYiSlPp<\/a><\/p>\n<p>\u2014 Deceuninck-QuickStep (@deceuninck_qst) <a href=\"https:\/\/twitter.com\/deceuninck_qst\/status\/1167774656268558336?ref_src=twsrc%5Etfw\">August 31, 2019<\/a><\/p><\/blockquote>\n<p><script async src=\"https:\/\/platform.twitter.com\/widgets.js\" charset=\"utf-8\"><\/script><\/p>\n","protected":false},"excerpt":{"rendered":"<p>Un jeune talent de plus dans les rangs de la Deceuninck-Quick Step. Apr\u00e8s la prolongation longue dur\u00e9e de Remco Evenepoel, l&rsquo;\u00e9quipe de Patrick Lef\u00e9v\u00e8re s&rsquo;est entendue avec Mauri Vansevenant, pour 3 ans et demi, \u00e0 partir du 1er juillet 2020. Le grimpeur belge de 20 ans vient de terminer sixi\u00e8me du Tour de l&rsquo;Avenir, apr\u00e8s &hellip;<\/p>\n","protected":false},"author":15,"featured_media":137076,"comment_status":"open","ping_status":"open","sticky":false,"template":"","format":"standard","meta":{"footnotes":""},"categories":[11,25,15,10],"tags":[],"class_list":["post-137069","post","type-post","status-publish","format-standard","has-post-thumbnail","hentry","category-news-niveau-2","category-news","category-route","category-mercato"],"_links":{"self":[{"href":"https:\/\/cyclingpro.net\/velopro\/wp-json\/wp\/v2\/posts\/137069","targetHints":{"allow":["GET"]}}],"collection":[{"href":"https:\/\/cyclingpro.net\/velopro\/wp-json\/wp\/v2\/posts"}],"about":[{"href":"https:\/\/cyclingpro.net\/velopro\/wp-json\/wp\/v2\/types\/post"}],"author":[{"embeddable":true,"href":"https:\/\/cyclingpro.net\/velopro\/wp-json\/wp\/v2\/users\/15"}],"replies":[{"embeddable":true,"href":"https:\/\/cyclingpro.net\/velopro\/wp-json\/wp\/v2\/comments?post=137069"}],"version-history":[{"count":4,"href":"https:\/\/cyclingpro.net\/velopro\/wp-json\/wp\/v2\/posts\/137069\/revisions"}],"predecessor-version":[{"id":137079,"href":"https:\/\/cyclingpro.net\/velopro\/wp-json\/wp\/v2\/posts\/137069\/revisions\/137079"}],"wp:featuredmedia":[{"embeddable":true,"href":"https:\/\/cyclingpro.net\/velopro\/wp-json\/wp\/v2\/media\/137076"}],"wp:attachment":[{"href":"https:\/\/cyclingpro.net\/velopro\/wp-json\/wp\/v2\/media?parent=137069"}],"wp:term":[{"taxonomy":"category","embeddable":true,"href":"https:\/\/cyclingpro.net\/velopro\/wp-json\/wp\/v2\/categories?post=137069"},{"taxonomy":"post_tag","embeddable":true,"href":"https:\/\/cyclingpro.net\/velopro\/wp-json\/wp\/v2\/tags?post=137069"}],"curies":[{"name":"wp","href":"https:\/\/api.w.org\/{rel}","templated":true}]}}