{"id":137042,"date":"2019-08-31T14:01:28","date_gmt":"2019-08-31T12:01:28","guid":{"rendered":"https:\/\/cyclingpro.net\/velopro\/?p=137042"},"modified":"2019-08-31T14:02:33","modified_gmt":"2019-08-31T12:02:33","slug":"stephane-rossetto-je-vois-lechappee-a-100","status":"publish","type":"post","link":"https:\/\/cyclingpro.net\/velopro\/course\/vuelta-a-espana-tour-espagne\/stephane-rossetto-je-vois-lechappee-a-100\/","title":{"rendered":"St\u00e9phane Rossetto : \u00ab L&rsquo;\u00e9chapp\u00e9e \u00e0 100% ! \u00bb"},"content":{"rendered":"<p style=\"text-align: justify;\">Mezgec, Boassen Hagen et pourquoi pas lui ou un de ses co\u00e9quipiers ? St\u00e9phane Rossetto avait le sourire ce samedi matin, au d\u00e9part de la huiti\u00e8me \u00e9tape. S\u00fbr que l&rsquo;\u00e9chapp\u00e9e irait au bout, le rouleur de la Cofidis esp\u00e9rait une belle performance des siens sur la route d&rsquo;Igualada. Il faudra pour cela avaler 166,9 kilom\u00e8tres sur un terrain escarp\u00e9 avant d&rsquo;aborder le Puerto de Montserrat, la seule difficult\u00e9 du jour, et r\u00e9sister dans la descente qui m\u00e8nera les coureurs jusqu&rsquo;\u00e0 la ligne.<\/p>\n<h6 class=\"post-box-title\"><strong><a href=\"https:\/\/cyclingpro.net\/velopro\/course\/vuelta-a-espana-tour-espagne\/thomas-de-gendt-je-suis-un-peu-moins-bien-que-sur-le-tour\/\" rel=\"bookmark\">Lire aussi &gt; Thomas De Gendt : \u00ab Je suis un peu moins bien que sur le Tour \u00bb<\/a><\/strong><\/h6>\n<p style=\"text-align: justify;\">\u00ab <em>Je vois l&rsquo;\u00e9chapp\u00e9e \u00e0 100% ! J&rsquo;imagine un gros groupe, entre 20 et 30 coureurs, avec des bons baroudeurs qui passent bien les bosses, du style Trentin. Les meilleurs sortiront dans le 2e cat\u00e9 et puis ils iront jouer la victoire. Je ne vois pas une \u00e9quipe contr\u00f4ler pour un sprinteur et les \u00e9quipes du g\u00e9n\u00e9ral se r\u00e9servent pour demain. Nous on a d\u00e9j\u00e0 gagn\u00e9 une \u00e9tape donc c&rsquo;est que du bonus<\/em>, se r\u00e9jouissait-il \u00e0 notre micro. <em>On se fait plaisir, on est relax! Demain je n&rsquo;ai rien \u00e0 esp\u00e9rer, apr\u00e8s-demain c&rsquo;est repos donc j&rsquo;esp\u00e8re avoir le bon feeling pour aller devant aujourd&rsquo;hui. On a aussi Damien Touz\u00e9 qui pourrait \u00eatre une bonne carte, sinon on a toujours Herrada qui marche fort. Avec lui on peut s&rsquo;attendre \u00e0 tout!<\/em> \u00bb<\/p>\n<p><strong>L&rsquo;int\u00e9gralit\u00e9 de sa r\u00e9action :\u00a0<\/strong><\/p>\n<p><span class=\"yiGqPYH4hLdpS6wWmQ2l0vZOV3N1gK5REcFjDI9TksaJM7rfoCnB8UAtx\"><iframe loading=\"lazy\" title=\"St\u00e9phane Rossetto - interview au d\u00e9part - 8e \u00e9tape - Vuelta a Espa\u00f1a 2019\" width=\"500\" height=\"281\" src=\"https:\/\/www.youtube.com\/embed\/TTJFhxpqGC8?feature=oembed\" frameborder=\"0\" allow=\"accelerometer; autoplay; clipboard-write; encrypted-media; gyroscope; picture-in-picture; web-share\" referrerpolicy=\"strict-origin-when-cross-origin\" allowfullscreen><\/iframe><\/span><\/p>\n","protected":false},"excerpt":{"rendered":"<p>Mezgec, Boassen Hagen et pourquoi pas lui ou un de ses co\u00e9quipiers ? St\u00e9phane Rossetto avait le sourire ce samedi matin, au d\u00e9part de la huiti\u00e8me \u00e9tape. S\u00fbr que l&rsquo;\u00e9chapp\u00e9e irait au bout, le rouleur de la Cofidis esp\u00e9rait une belle performance des siens sur la route d&rsquo;Igualada. Il faudra pour cela avaler 166,9 kilom\u00e8tres &hellip;<\/p>\n","protected":false},"author":15,"featured_media":132379,"comment_status":"open","ping_status":"open","sticky":false,"template":"","format":"standard","meta":{"footnotes":""},"categories":[11,8,15,18,59,19,28],"tags":[],"class_list":["post-137042","post","type-post","status-publish","format-standard","has-post-thumbnail","hentry","category-news-niveau-2","category-interviews","category-route","category-videos","category-vuelta-a-espana-tour-espagne","category-worldtour","category-course"],"_links":{"self":[{"href":"https:\/\/cyclingpro.net\/velopro\/wp-json\/wp\/v2\/posts\/137042","targetHints":{"allow":["GET"]}}],"collection":[{"href":"https:\/\/cyclingpro.net\/velopro\/wp-json\/wp\/v2\/posts"}],"about":[{"href":"https:\/\/cyclingpro.net\/velopro\/wp-json\/wp\/v2\/types\/post"}],"author":[{"embeddable":true,"href":"https:\/\/cyclingpro.net\/velopro\/wp-json\/wp\/v2\/users\/15"}],"replies":[{"embeddable":true,"href":"https:\/\/cyclingpro.net\/velopro\/wp-json\/wp\/v2\/comments?post=137042"}],"version-history":[{"count":3,"href":"https:\/\/cyclingpro.net\/velopro\/wp-json\/wp\/v2\/posts\/137042\/revisions"}],"predecessor-version":[{"id":137058,"href":"https:\/\/cyclingpro.net\/velopro\/wp-json\/wp\/v2\/posts\/137042\/revisions\/137058"}],"wp:featuredmedia":[{"embeddable":true,"href":"https:\/\/cyclingpro.net\/velopro\/wp-json\/wp\/v2\/media\/132379"}],"wp:attachment":[{"href":"https:\/\/cyclingpro.net\/velopro\/wp-json\/wp\/v2\/media?parent=137042"}],"wp:term":[{"taxonomy":"category","embeddable":true,"href":"https:\/\/cyclingpro.net\/velopro\/wp-json\/wp\/v2\/categories?post=137042"},{"taxonomy":"post_tag","embeddable":true,"href":"https:\/\/cyclingpro.net\/velopro\/wp-json\/wp\/v2\/tags?post=137042"}],"curies":[{"name":"wp","href":"https:\/\/api.w.org\/{rel}","templated":true}]}}