{"id":137008,"date":"2019-08-31T11:22:42","date_gmt":"2019-08-31T09:22:42","guid":{"rendered":"https:\/\/cyclingpro.net\/velopro\/?p=137008"},"modified":"2019-08-31T11:22:42","modified_gmt":"2019-08-31T09:22:42","slug":"mondiaux-2019-la-nouvelle-zelande-compte-sur-george-bennett-et-patrick-bevin","status":"publish","type":"post","link":"https:\/\/cyclingpro.net\/velopro\/course\/championnat-du-monde\/mondiaux-2019-la-nouvelle-zelande-compte-sur-george-bennett-et-patrick-bevin\/","title":{"rendered":"Mondiaux 2019 : La Nouvelle-Z\u00e9lande compte sur George Bennett et Patrick Bevin"},"content":{"rendered":"<p style=\"text-align: justify;\">La Nouvelle-Z\u00e9lande a d\u00e9voil\u00e9 ses s\u00e9lections pour les Mondiaux du Yorkshire, au programme du 22 au 30 septembre. Le groupe Elites Hommes sera emmen\u00e9 par George Bennett. Actuellement huiti\u00e8me du classement g\u00e9n\u00e9ral de la Vuelta, le repr\u00e9sentant de la Jumbo-Visma sera accompagn\u00e9 par Patrick Bevin (CCC), Dion Smith (Mitchelton-Scott) et Tom Scully (EF Education First) sur l&rsquo;\u00e9preuve en ligne. Bevin et Scully disputeront aussi l&rsquo;\u00e9preuve contre-la-montre.<\/p>\n<p><strong>Les s\u00e9lections n\u00e9o-z\u00e9landaises :\u00a0<\/strong><\/p>\n<p><span style=\"text-decoration: underline;\">Elites Hommes :<\/span> George Bennett (\u00e9preuve en ligne), Patrick Bevin (contre-la-montre, \u00e9preuve en ligne), Tom Scully (contre-la-montre, \u00e9preuve en ligne), Dion Smith (\u00e9preuve en ligne).<\/p>\n<p><span style=\"text-decoration: underline;\">Espoirs Hommes :<\/span> Ethan Batt (\u00e9preuve en ligne), James Fouche (\u00e9preuve en ligne, contre-la-montre), Paul Wright (\u00e9preuve en ligne).<\/p>\n<p><span style=\"text-decoration: underline;\">Juniors Hommes :<\/span> Drew Christensen (\u00e9preuve en ligne), Logan Currie (\u00e9preuve en ligne, contre-la-montre), Finn Fisher-Black (\u00e9preuve en ligne,contre-la-montre), Ari Scott (\u00e9preuve en ligne), Reuben Thompson (\u00e9preuve en ligne, contre-la-montre).<\/p>\n<p><span style=\"text-decoration: underline;\">Elites Dames :<\/span> Ella Harris (\u00e9preuve en ligne), Mikayla Harvey (\u00e9preuve en ligne, contre-la-montre), Georgia Williams (\u00e9preuve en ligne, contre-la-montre).<\/p>\n<p><span style=\"text-decoration: underline;\">Juniors Dames :<\/span> Stella Nightingale (\u00e9preuve en ligne), Ella Wyllie (\u00e9preuve en ligne, contre-la-montre).<\/p>\n","protected":false},"excerpt":{"rendered":"<p>La Nouvelle-Z\u00e9lande a d\u00e9voil\u00e9 ses s\u00e9lections pour les Mondiaux du Yorkshire, au programme du 22 au 30 septembre. Le groupe Elites Hommes sera emmen\u00e9 par George Bennett. Actuellement huiti\u00e8me du classement g\u00e9n\u00e9ral de la Vuelta, le repr\u00e9sentant de la Jumbo-Visma sera accompagn\u00e9 par Patrick Bevin (CCC), Dion Smith (Mitchelton-Scott) et Tom Scully (EF Education First) &hellip;<\/p>\n","protected":false},"author":15,"featured_media":137009,"comment_status":"open","ping_status":"open","sticky":false,"template":"","format":"standard","meta":{"footnotes":""},"categories":[11,225,26,25,15,28],"tags":[],"class_list":["post-137008","post","type-post","status-publish","format-standard","has-post-thumbnail","hentry","category-news-niveau-2","category-championnat-du-monde","category-compositions","category-news","category-route","category-course"],"_links":{"self":[{"href":"https:\/\/cyclingpro.net\/velopro\/wp-json\/wp\/v2\/posts\/137008","targetHints":{"allow":["GET"]}}],"collection":[{"href":"https:\/\/cyclingpro.net\/velopro\/wp-json\/wp\/v2\/posts"}],"about":[{"href":"https:\/\/cyclingpro.net\/velopro\/wp-json\/wp\/v2\/types\/post"}],"author":[{"embeddable":true,"href":"https:\/\/cyclingpro.net\/velopro\/wp-json\/wp\/v2\/users\/15"}],"replies":[{"embeddable":true,"href":"https:\/\/cyclingpro.net\/velopro\/wp-json\/wp\/v2\/comments?post=137008"}],"version-history":[{"count":1,"href":"https:\/\/cyclingpro.net\/velopro\/wp-json\/wp\/v2\/posts\/137008\/revisions"}],"predecessor-version":[{"id":137010,"href":"https:\/\/cyclingpro.net\/velopro\/wp-json\/wp\/v2\/posts\/137008\/revisions\/137010"}],"wp:featuredmedia":[{"embeddable":true,"href":"https:\/\/cyclingpro.net\/velopro\/wp-json\/wp\/v2\/media\/137009"}],"wp:attachment":[{"href":"https:\/\/cyclingpro.net\/velopro\/wp-json\/wp\/v2\/media?parent=137008"}],"wp:term":[{"taxonomy":"category","embeddable":true,"href":"https:\/\/cyclingpro.net\/velopro\/wp-json\/wp\/v2\/categories?post=137008"},{"taxonomy":"post_tag","embeddable":true,"href":"https:\/\/cyclingpro.net\/velopro\/wp-json\/wp\/v2\/tags?post=137008"}],"curies":[{"name":"wp","href":"https:\/\/api.w.org\/{rel}","templated":true}]}}