{"id":136993,"date":"2019-08-31T10:41:05","date_gmt":"2019-08-31T08:41:05","guid":{"rendered":"https:\/\/cyclingpro.net\/velopro\/?p=136993"},"modified":"2019-08-31T10:41:05","modified_gmt":"2019-08-31T08:41:05","slug":"omloop-mandel-leie-presentation-de-ledition-2019","status":"publish","type":"post","link":"https:\/\/cyclingpro.net\/velopro\/course\/omloop-mandel-leie\/omloop-mandel-leie-presentation-de-ledition-2019\/","title":{"rendered":"Omloop Mandel-Leie : Pr\u00e9sentation de l&rsquo;\u00e9dition 2019"},"content":{"rendered":"<p><strong>74e \u00e9dition de l&rsquo;Omloop\u00a0Mandel-Leie (1.1), samedi 31 ao\u00fbt<\/strong><br \/>\n<strong>Meulebeke &gt; Meulebeke, 192km<\/strong><\/p>\n<p><strong>Les dix derniers vainqueurs :\u00a0<\/strong><\/p>\n<p>2018 Wouter Wippert<br \/>\n2017 Iljo Keisse<br \/>\n2016 Pieter Vanspeybrouck<br \/>\n2015 Amaury Capiot<br \/>\n2014 Jasper De Buyst<br \/>\n2013 Iljo Keisse<br \/>\n2012 Pieter\u00a0Ghyllebert<br \/>\n2011 Davy\u00a0Commeyne<br \/>\n2010 Jan\u00a0Ghyselinck<br \/>\n2009 Nick Nuyens<\/p>\n<p><strong>Infos :\u00a0<\/strong><\/p>\n<p style=\"text-align: justify;\">Neuf formations conti pro et onze conti se donnent rendez-vous ce samedi \u00e0 Meulebeke. L&rsquo;omloop Mandel-Leie propose 192 kilom\u00e8tres divis\u00e9s en quinze tours d&rsquo;un circuit de 12,8 kilom\u00e8tres avec une arriv\u00e9e tr\u00e8s probable au sprint. Si Tim Merlier (Corendon-Circus) fait figure de favori, les \u00e9quipes fran\u00e7aises sont bien arm\u00e9es. Notamment Total Direct Energie qui compte sur la pointe de vitesse de Niccolo Bonifazio. Vital Concept-B&amp;B Hotels fait \u00e9galement le d\u00e9placement avec Kris Boeckmans et Jonas Van Genechten. Wouter Wippert (EvoPro Racing) est pr\u00e9sent \u00e0 la d\u00e9fense de son titre, tandis que Wanty-Gobert mise sur Timothy Dupont et J\u00e9r\u00f4me Baugnies.<\/p>\n<p><strong>Carte :\u00a0<\/strong><\/p>\n<p><img loading=\"lazy\" decoding=\"async\" class=\"alignright size-full wp-image-136996\" src=\"https:\/\/cyclingpro.net\/velopro\/wp-content\/uploads\/2019\/08\/omlopp-mandel-carte.jpg\" alt=\"\" width=\"960\" height=\"720\" srcset=\"https:\/\/cyclingpro.net\/velopro\/wp-content\/uploads\/2019\/08\/omlopp-mandel-carte.jpg 960w, https:\/\/cyclingpro.net\/velopro\/wp-content\/uploads\/2019\/08\/omlopp-mandel-carte-300x225.jpg 300w, https:\/\/cyclingpro.net\/velopro\/wp-content\/uploads\/2019\/08\/omlopp-mandel-carte-768x576.jpg 768w\" sizes=\"auto, (max-width: 960px) 100vw, 960px\" \/><\/p>\n<p>&nbsp;<\/p>\n<p>&nbsp;<\/p>\n<p>&nbsp;<\/p>\n<p>&nbsp;<\/p>\n<p>&nbsp;<\/p>\n<p>&nbsp;<\/p>\n<p>&nbsp;<\/p>\n<p>&nbsp;<\/p>\n<p>&nbsp;<\/p>\n<p>&nbsp;<\/p>\n<p>&nbsp;<\/p>\n<p>&nbsp;<\/p>\n<p>&nbsp;<\/p>\n<p><strong>Liste des engag\u00e9s :\u00a0<\/strong><\/p>\n<p><strong>Corendon &#8211; Circus<\/strong><br \/>\n1 MERLIER Tim<br \/>\n2 DEVOLDER Stijn<br \/>\n3 JANS Roy<br \/>\n4 BENOIST Antoine<br \/>\n5 RICKAERT Jonas<br \/>\n6 VAN DER POEL David<br \/>\n7 VAN TRIJP Maarten<\/p>\n<p><strong>Israel Cycling Academy<\/strong><br \/>\n11 DEMPSTER Zak<br \/>\n12 EINHORN Itamar<br \/>\n13 JENSEN August<br \/>\n14 PERRY Ben<br \/>\n15 R\u00c4IM Mihkel<br \/>\n16 TUREK Daniel<br \/>\n17 VAN ASBROECK Tom<\/p>\n<p><strong>Riwal Readynez Cycling Team<\/strong><br \/>\n21 BR\u00d8CHNER Nicolai<br \/>\n22 ERIKSSON Lucas<br \/>\n23 HAGEN Krister<br \/>\n24 KAMP Alexander<br \/>\n25 LUNKE Sindre<br \/>\n26 VINJEBO Emil<br \/>\n27 WALLIN Rasmus B\u00f8gh<\/p>\n<p><strong>Roompot &#8211; Charles<\/strong><br \/>\n31 ASSELMAN Jesper<br \/>\n32 BOOM Lars<br \/>\n33 LEYSEN Senne<br \/>\n34 STEELS Stijn<br \/>\n35 VAN POPPEL Boy<br \/>\n36 VAN SCHIP Jan-Willem<br \/>\n37 VAN STAEYEN Michael<\/p>\n<p><strong>Sport Vlaanderen &#8211; Baloise<\/strong><br \/>\n41 ALLEGAERT Piet<br \/>\n42 NOPPE Christophe<br \/>\n43 PLANCKAERT Edward<br \/>\n44 VAN HECKE Preben<br \/>\n45 VERWILST Aaron<br \/>\n46 WARLOP Jordi<br \/>\n47 WILLEMS Thimo<\/p>\n<p><strong>Team Total Direct Energie<\/strong><br \/>\n51 BONIFAZIO Niccol\u00f2<br \/>\n52 CARDIS Romain<br \/>\n53 HIVERT Jonathan<br \/>\n54 JOURNIAUX Axel<br \/>\n55 PETIT Adrien<br \/>\n56 TULIK Angelo<br \/>\n57 TURGIS Anthony<\/p>\n<p><strong>Vital Concept &#8211; B&amp;B Hotels<\/strong><br \/>\n61 BOECKMANS Kris<br \/>\n62 DE BACKER Bert<br \/>\n63 ERMENAULT Corentin<br \/>\n64 GAREL Adrien<br \/>\n65 LECROQ J\u00e9r\u00e9my<br \/>\n66 TURGIS Jimmy<br \/>\n67 VAN GENECHTEN Jonas<\/p>\n<p><strong>Wallonie-Bruxelles<\/strong><br \/>\n71 JULES Justin<br \/>\n72 LIETAER Eliot<br \/>\n73 MORTIER Julien<br \/>\n74 N\u00d5MMELA Aksel<br \/>\n75 PLANCKAERT Baptiste<br \/>\n76 PAASSCHENS Mathijs<br \/>\n77 TAMINIAUX Lionel<\/p>\n<p><strong>Wanty &#8211; Gobert Cycling Team<\/strong><br \/>\n81 BAUGNIES J\u00e9r\u00f4me<br \/>\n82 BEULLENS C\u00e9dric<br \/>\n83 DE CLERCQ Bart<br \/>\n84 DE GENDT Aim\u00e9<br \/>\n85 TRONDSEN Trond<br \/>\n86 DUPONT Timothy<br \/>\n87 DEVRIENDT Tom<\/p>\n<p><strong>BEAT Cycling Club<\/strong><br \/>\n91 DANIEL Gregory<br \/>\n92 BUDDING Martijn<br \/>\n93 BUGTER Luuc<br \/>\n94 COOLEN Yves<br \/>\n95 HAVIK Piotr<br \/>\n96 HOEYBERGHS Daan<br \/>\n97 SEYE Guillaume<\/p>\n<p><strong>Canyon dhb p\/b Bloor Homes<\/strong><br \/>\n101 BOSTOCK Matthew<br \/>\n102 PATON Alex<br \/>\n103 TANFIELD Charlie<br \/>\n104 TENNANT Andrew<br \/>\n105 TOWNSEND Rory<br \/>\n106 VAUGHAN Jacob<br \/>\n107 WOOD Oliver<\/p>\n<p><strong>Development Team Sunweb<\/strong><br \/>\n111 HEINSCHKE Leon<br \/>\n112 KATERBERG Ben<br \/>\n113 MAAS Edo<br \/>\n114 NABERMAN Tim<br \/>\n115 SALMON Martin<br \/>\n116 SINSCHEK Nils<br \/>\n117 WACKER Ludvig Anton<\/p>\n<p><strong>IAM Excelsior<\/strong><br \/>\n121 DAVIS Corey<br \/>\n122 LIENHARD Fabian<br \/>\n123 PAGE Dylan<br \/>\n124 PELLAUD Simon<br \/>\n125 SCH\u00c4PPI Martin<br \/>\n126 ZOCCARATO Samuele<br \/>\n127 DEBONS Antoine<\/p>\n<p><strong>Metec &#8211; TKH Continental Cyclingteam<\/strong><br \/>\n131 BOOTSVELD Jelle<br \/>\n132 DE KLEIJN Arvid<br \/>\n133 DE LANGE Thijs<br \/>\n134 VAN DER TUUK Danny<br \/>\n135 OTTEMA Rick<br \/>\n136 VAN BAKEL Robbie<br \/>\n137 VAN DALEN Jason<\/p>\n<p><strong>Pauwels sauzen &#8211; Bingoal<\/strong><br \/>\n141 ISERBYT Eli<br \/>\n142 VANTHOURENHOUT Michael<br \/>\n143 VANTHOURENHOUT Dieter<br \/>\n144 SWEECK Laurens<br \/>\n145 SWEECK Diether<br \/>\n146 SOETE Daan<br \/>\n147 ADAMS Jens<\/p>\n<p><strong>Tarteletto &#8211; Isorex<\/strong><br \/>\n151 BOUCHER David<br \/>\n152 BOUSSAER Bryan<br \/>\n153 CANT Jelle<br \/>\n154 GOEMAN Jonas<br \/>\n155 JOSEPH Thomas<br \/>\n156 TZORTZAKIS Polychronis<br \/>\n157 VANTOMME Maxime<\/p>\n<p><strong>Cibel<\/strong><br \/>\n161 BOUVRY Dieter<br \/>\n162 DEBRUYNE Glenn<br \/>\n163 DEPREZ Tuur<br \/>\n164 DIELEMAN Michiel<br \/>\n165 EYSKENS Jeroen<br \/>\n166 MAES Alexander<br \/>\n167 REYNAERTS Wim<\/p>\n<p><strong>ColoQuick<\/strong><br \/>\n171 JOHANSEN Julius<br \/>\n172 LYHNE Daniel<br \/>\n173 MUNK Steffen<br \/>\n174 AASKOV Jeppe<br \/>\n175 PEDERSEN Rasmus Lund<br \/>\n176 RODENBERG Frederik<br \/>\n177 SALBY Alexander<\/p>\n<p><strong>Team Wiggins Le Col<\/strong><br \/>\n181 CHRISTIAN Mark<br \/>\n182 CULLAIGH Gabriel<br \/>\n183 FOUCH\u00c9 James<br \/>\n184 DONOVAN Mark<br \/>\n185 O&rsquo;LOUGHLIN Michael<br \/>\n186 ROBINSON Oliver<br \/>\n187 SAUVAGNARGUES Jacques<\/p>\n<p><strong>EvoPro Racing<\/strong><br \/>\n191 FEELEY Daire<br \/>\n192 GATE Aaron<br \/>\n193 KONING Peter<br \/>\n194 MONK Cyrus<br \/>\n195 MUDGWAY Luke<br \/>\n196 SWEENY Harry<br \/>\n197 WIPPERT Wouter<\/p>\n","protected":false},"excerpt":{"rendered":"<p>74e \u00e9dition de l&rsquo;Omloop\u00a0Mandel-Leie (1.1), samedi 31 ao\u00fbt Meulebeke &gt; Meulebeke, 192km Les dix derniers vainqueurs :\u00a0 2018 Wouter Wippert 2017 Iljo Keisse 2016 Pieter Vanspeybrouck 2015 Amaury Capiot 2014 Jasper De Buyst 2013 Iljo Keisse 2012 Pieter\u00a0Ghyllebert 2011 Davy\u00a0Commeyne 2010 Jan\u00a0Ghyselinck 2009 Nick Nuyens Infos :\u00a0 Neuf formations conti pro et onze conti se &hellip;<\/p>\n","protected":false},"author":15,"featured_media":136994,"comment_status":"open","ping_status":"open","sticky":false,"template":"","format":"standard","meta":{"footnotes":""},"categories":[11,160,24,15,28],"tags":[],"class_list":["post-136993","post","type-post","status-publish","format-standard","has-post-thumbnail","hentry","category-news-niveau-2","category-omloop-mandel-leie","category-presentation-course","category-route","category-course"],"_links":{"self":[{"href":"https:\/\/cyclingpro.net\/velopro\/wp-json\/wp\/v2\/posts\/136993","targetHints":{"allow":["GET"]}}],"collection":[{"href":"https:\/\/cyclingpro.net\/velopro\/wp-json\/wp\/v2\/posts"}],"about":[{"href":"https:\/\/cyclingpro.net\/velopro\/wp-json\/wp\/v2\/types\/post"}],"author":[{"embeddable":true,"href":"https:\/\/cyclingpro.net\/velopro\/wp-json\/wp\/v2\/users\/15"}],"replies":[{"embeddable":true,"href":"https:\/\/cyclingpro.net\/velopro\/wp-json\/wp\/v2\/comments?post=136993"}],"version-history":[{"count":3,"href":"https:\/\/cyclingpro.net\/velopro\/wp-json\/wp\/v2\/posts\/136993\/revisions"}],"predecessor-version":[{"id":136998,"href":"https:\/\/cyclingpro.net\/velopro\/wp-json\/wp\/v2\/posts\/136993\/revisions\/136998"}],"wp:featuredmedia":[{"embeddable":true,"href":"https:\/\/cyclingpro.net\/velopro\/wp-json\/wp\/v2\/media\/136994"}],"wp:attachment":[{"href":"https:\/\/cyclingpro.net\/velopro\/wp-json\/wp\/v2\/media?parent=136993"}],"wp:term":[{"taxonomy":"category","embeddable":true,"href":"https:\/\/cyclingpro.net\/velopro\/wp-json\/wp\/v2\/categories?post=136993"},{"taxonomy":"post_tag","embeddable":true,"href":"https:\/\/cyclingpro.net\/velopro\/wp-json\/wp\/v2\/tags?post=136993"}],"curies":[{"name":"wp","href":"https:\/\/api.w.org\/{rel}","templated":true}]}}