{"id":135866,"date":"2019-08-27T12:37:08","date_gmt":"2019-08-27T10:37:08","guid":{"rendered":"https:\/\/cyclingpro.net\/velopro\/?p=135866"},"modified":"2019-08-27T12:40:31","modified_gmt":"2019-08-27T10:40:31","slug":"aleksandr-vlasov-transfere-chez-astana","status":"publish","type":"post","link":"https:\/\/cyclingpro.net\/velopro\/mercato\/aleksandr-vlasov-transfere-chez-astana\/","title":{"rendered":"Aleksandr Vlasov transf\u00e9r\u00e9 chez Astana"},"content":{"rendered":"<p style=\"text-align: justify;\">Le talentueux Aleksandr Vlasov ne portera plus les couleurs de la Gazprom-RusVelo en 2020, comme cela \u00e9tait pourtant pr\u00e9vu par son contrat. Son \u00e9quipe actuelle a en effet trouv\u00e9 un accord avec la formation Astana, qui s&rsquo;est ainsi attach\u00e9 les services du jeune homme de 23 ans pour les deux prochaines saisons. Si la structure russe obtient sans nul doute une indemnit\u00e9 dans ce transfert, l&rsquo;\u00e9curie kazakhe se dote elle de l&rsquo;un des coureurs les plus prometteurs de sa g\u00e9n\u00e9ration. Vainqueur du Baby Giro et quatri\u00e8me du Tour de l&rsquo;Avenir en 2018, Vlasov a confirm\u00e9 son potentiel chez les pros d\u00e8s cette ann\u00e9e avec des places d&rsquo;honneur \u00e0 la pelle. Il s&rsquo;est ainsi class\u00e9 troisi\u00e8me du Tour de Slov\u00e9nie, troisi\u00e8me du Tour des Asturies, quatri\u00e8me du Tour de Sicile, cinqui\u00e8me du Tour d&rsquo;Autriche, huiti\u00e8me de la Semaine Coppi et Bartali, huiti\u00e8me du Tour d&rsquo;Andalousie, dixi\u00e8me du Tour des Alpes ou encore seizi\u00e8me du Tour de Valence. En plus de cela, il a \u00e9t\u00e9 couronn\u00e9 champion de Russie sur route et remport\u00e9 l&rsquo;\u00e9tape reine du Tour d&rsquo;Autriche \u00e0\u00a0Kitzb\u00fcheler Horn.<\/p>\n<p style=\"text-align: justify;\"><em>\u00ab\u00a0Vlasov r\u00e9alise une saison tr\u00e8s impressionnante, d\u00e9montrant une grande r\u00e9gularit\u00e9 et un vrai caract\u00e8re de battant,<\/em> a d\u00e9clar\u00e9 Alexandr Vinokourov.<em> Comme nous avons pu le constater par ses r\u00e9sultats, il se sp\u00e9cialise dans les courses par \u00e9tapes, et nous recherchions ce type de coureur. Vlasov est jeune et ambitieux, il a un grand potentiel. Chez Gazprom-RusVelo, il a acquis une base qui lui permet d\u00e9j\u00e0 de lutter au m\u00eame niveau que de nombreux coureurs confirm\u00e9s. Il est tout \u00e0 fait logique que la prochaine \u00e9tape pour Aleksandr soit le WorldTour, o\u00f9 il pourra avoir encore plus de succ\u00e8s. Ayant connaissance d&rsquo;un contrat existant, nous nous sommes tourn\u00e9s vers la direction de Gazprom-RusVelo avec une proposition visant \u00e0 permettre le transfert vers notre \u00e9quipe de cet athl\u00e8te talentueux. Et je suis heureux que nous soyons parvenus \u00e0 un accord avec le directeur g\u00e9n\u00e9ral Renat Khamidulin, qui a soutenu cette d\u00e9marche.\u00a0\u00bb<\/em><\/p>\n","protected":false},"excerpt":{"rendered":"<p>Le talentueux Aleksandr Vlasov ne portera plus les couleurs de la Gazprom-RusVelo en 2020, comme cela \u00e9tait pourtant pr\u00e9vu par son contrat. Son \u00e9quipe actuelle a en effet trouv\u00e9 un accord avec la formation Astana, qui s&rsquo;est ainsi attach\u00e9 les services du jeune homme de 23 ans pour les deux prochaines saisons. Si la structure &hellip;<\/p>\n","protected":false},"author":5,"featured_media":135868,"comment_status":"open","ping_status":"open","sticky":false,"template":"","format":"standard","meta":{"footnotes":""},"categories":[11,15,10],"tags":[],"class_list":["post-135866","post","type-post","status-publish","format-standard","has-post-thumbnail","hentry","category-news-niveau-2","category-route","category-mercato"],"_links":{"self":[{"href":"https:\/\/cyclingpro.net\/velopro\/wp-json\/wp\/v2\/posts\/135866","targetHints":{"allow":["GET"]}}],"collection":[{"href":"https:\/\/cyclingpro.net\/velopro\/wp-json\/wp\/v2\/posts"}],"about":[{"href":"https:\/\/cyclingpro.net\/velopro\/wp-json\/wp\/v2\/types\/post"}],"author":[{"embeddable":true,"href":"https:\/\/cyclingpro.net\/velopro\/wp-json\/wp\/v2\/users\/5"}],"replies":[{"embeddable":true,"href":"https:\/\/cyclingpro.net\/velopro\/wp-json\/wp\/v2\/comments?post=135866"}],"version-history":[{"count":1,"href":"https:\/\/cyclingpro.net\/velopro\/wp-json\/wp\/v2\/posts\/135866\/revisions"}],"predecessor-version":[{"id":135867,"href":"https:\/\/cyclingpro.net\/velopro\/wp-json\/wp\/v2\/posts\/135866\/revisions\/135867"}],"wp:featuredmedia":[{"embeddable":true,"href":"https:\/\/cyclingpro.net\/velopro\/wp-json\/wp\/v2\/media\/135868"}],"wp:attachment":[{"href":"https:\/\/cyclingpro.net\/velopro\/wp-json\/wp\/v2\/media?parent=135866"}],"wp:term":[{"taxonomy":"category","embeddable":true,"href":"https:\/\/cyclingpro.net\/velopro\/wp-json\/wp\/v2\/categories?post=135866"},{"taxonomy":"post_tag","embeddable":true,"href":"https:\/\/cyclingpro.net\/velopro\/wp-json\/wp\/v2\/tags?post=135866"}],"curies":[{"name":"wp","href":"https:\/\/api.w.org\/{rel}","templated":true}]}}