{"id":135709,"date":"2019-08-26T15:25:27","date_gmt":"2019-08-26T13:25:27","guid":{"rendered":"https:\/\/cyclingpro.net\/velopro\/?p=135709"},"modified":"2019-08-26T15:25:27","modified_gmt":"2019-08-26T13:25:27","slug":"le-tour-du-limousin-devoile-les-contours-de-son-edition-2020","status":"publish","type":"post","link":"https:\/\/cyclingpro.net\/velopro\/course\/tourdulimousin\/le-tour-du-limousin-devoile-les-contours-de-son-edition-2020\/","title":{"rendered":"Le Tour du Limousin d\u00e9voile les contours de son \u00e9dition 2020"},"content":{"rendered":"<p style=\"text-align: justify;\">A peine <span style=\"text-decoration: underline;\"><a href=\"https:\/\/cyclingpro.net\/velopro\/course\/tourdulimousin\/benoit-cosnefroy-cest-que-du-bonheur\/\">le succ\u00e8s de Beno\u00eet Cosnefroy<\/a><\/span> ent\u00e9rin\u00e9, les organisateurs du Tour du Limousin ont d\u00e9voil\u00e9 le parcours de l&rsquo;\u00e9dition 2020. La course 2.1 se tiendra alors du 18 au 21 ao\u00fbt. Parmi les villes-\u00e9tapes, seules Rouffiac et la traditionnelle arriv\u00e9e \u00e0 Limoges sont reconduites. L&rsquo;\u00e9preuve partira alors de Haute-Vienne avant de passer par la Creuse, le Tarn, la Corr\u00e8ze et reviendra en Haute-Vienne pour la derni\u00e8re \u00e9tape.<\/p>\n<blockquote class=\"twitter-tweet\">\n<p dir=\"ltr\" lang=\"fr\">Et voici les villes \u00e9tapes qui accueilleront le TDLNA du 18 au 21 ao\u00fbt 2020 ! &#x1f44d;&#x1f609;&#x1f603;<\/p>\n<p>\u00c9tape 1: Couzeix (87) &#8211; Evaux-les-Bains (23)<br \/>\n\u00c9tape 2: Base D\u00e9partementale de Rouffiac (24) &#8211; Saint Est\u00e8phe (24)<br \/>\nEtape 3: Ussac (19) &#8211; Chamberet (19)<br \/>\nEtape 4: Saint-Pardoux (87) &#8211; Limoges (87) <a href=\"https:\/\/t.co\/gevr9ZxBJr\">pic.twitter.com\/gevr9ZxBJr<\/a><\/p>\n<p>\u2014 Tour du Limousin &#8211; Nouvelle-Aquitaine (@tourdulimousin) <a href=\"https:\/\/twitter.com\/tourdulimousin\/status\/1165913709216223232?ref_src=twsrc%5Etfw\">August 26, 2019<\/a><\/p><\/blockquote>\n<p><script async src=\"https:\/\/platform.twitter.com\/widgets.js\" charset=\"utf-8\"><\/script><\/p>\n","protected":false},"excerpt":{"rendered":"<p>A peine le succ\u00e8s de Beno\u00eet Cosnefroy ent\u00e9rin\u00e9, les organisateurs du Tour du Limousin ont d\u00e9voil\u00e9 le parcours de l&rsquo;\u00e9dition 2020. La course 2.1 se tiendra alors du 18 au 21 ao\u00fbt. Parmi les villes-\u00e9tapes, seules Rouffiac et la traditionnelle arriv\u00e9e \u00e0 Limoges sont reconduites. L&rsquo;\u00e9preuve partira alors de Haute-Vienne avant de passer par la &hellip;<\/p>\n","protected":false},"author":15,"featured_media":135213,"comment_status":"open","ping_status":"open","sticky":false,"template":"","format":"standard","meta":{"footnotes":""},"categories":[11,25,15,151,28],"tags":[],"class_list":["post-135709","post","type-post","status-publish","format-standard","has-post-thumbnail","hentry","category-news-niveau-2","category-news","category-route","category-tourdulimousin","category-course"],"_links":{"self":[{"href":"https:\/\/cyclingpro.net\/velopro\/wp-json\/wp\/v2\/posts\/135709","targetHints":{"allow":["GET"]}}],"collection":[{"href":"https:\/\/cyclingpro.net\/velopro\/wp-json\/wp\/v2\/posts"}],"about":[{"href":"https:\/\/cyclingpro.net\/velopro\/wp-json\/wp\/v2\/types\/post"}],"author":[{"embeddable":true,"href":"https:\/\/cyclingpro.net\/velopro\/wp-json\/wp\/v2\/users\/15"}],"replies":[{"embeddable":true,"href":"https:\/\/cyclingpro.net\/velopro\/wp-json\/wp\/v2\/comments?post=135709"}],"version-history":[{"count":2,"href":"https:\/\/cyclingpro.net\/velopro\/wp-json\/wp\/v2\/posts\/135709\/revisions"}],"predecessor-version":[{"id":135716,"href":"https:\/\/cyclingpro.net\/velopro\/wp-json\/wp\/v2\/posts\/135709\/revisions\/135716"}],"wp:featuredmedia":[{"embeddable":true,"href":"https:\/\/cyclingpro.net\/velopro\/wp-json\/wp\/v2\/media\/135213"}],"wp:attachment":[{"href":"https:\/\/cyclingpro.net\/velopro\/wp-json\/wp\/v2\/media?parent=135709"}],"wp:term":[{"taxonomy":"category","embeddable":true,"href":"https:\/\/cyclingpro.net\/velopro\/wp-json\/wp\/v2\/categories?post=135709"},{"taxonomy":"post_tag","embeddable":true,"href":"https:\/\/cyclingpro.net\/velopro\/wp-json\/wp\/v2\/tags?post=135709"}],"curies":[{"name":"wp","href":"https:\/\/api.w.org\/{rel}","templated":true}]}}