{"id":134931,"date":"2019-08-22T11:10:07","date_gmt":"2019-08-22T09:10:07","guid":{"rendered":"https:\/\/cyclingpro.net\/velopro\/?p=134931"},"modified":"2019-08-22T11:10:07","modified_gmt":"2019-08-22T09:10:07","slug":"zakkari-dempster-ouvre-son-compteur-a-31-ans-cest-un-sentiment-magnifique","status":"publish","type":"post","link":"https:\/\/cyclingpro.net\/velopro\/course\/veenendaal-veenendaal-classic\/zakkari-dempster-ouvre-son-compteur-a-31-ans-cest-un-sentiment-magnifique\/","title":{"rendered":"Zakkari Dempster ouvre son compteur \u00e0 31 ans : \u00ab C&rsquo;est un sentiment magnifique \u00bb"},"content":{"rendered":"<p style=\"text-align: justify;\">Zakkari Dempster s&rsquo;est offert sa premi\u00e8re victoire pro ce mercredi <span style=\"text-decoration: underline;\"><a href=\"https:\/\/cyclingpro.net\/velopro\/course\/veenendaal-veenendaal-classic\/veenendaal-veenendaal-classic-lechappee-belle-pour-zakkari-dempster\/\">sur la Classique de Veenendaal (1.1)<\/a><\/span>. A 31 ans, le capitaine de route d&rsquo;Israel Cycling Academy a r\u00e9ussi \u00e0 lever les bras apr\u00e8s une course folle. L&rsquo;Australien s&rsquo;est gliss\u00e9 dans l&rsquo;\u00e9chapp\u00e9e gagnante, apr\u00e8s une bagarre de plus d&rsquo;une heure et demi. Treize autres coureurs l&rsquo;accompagnaient dans cet imposant groupe, dont son co\u00e9quipier August Jansen. Les attaques se succ\u00e9dant dans le final, c&rsquo;est un trio qui s&rsquo;est pr\u00e9sent\u00e9 sous la flamme rouge avec Dempster, Martijn Budding et Nick van der Lijke.<\/p>\n<p style=\"text-align: justify;\">\u00ab <em>C&rsquo;\u00e9tait vraiment une course folle. August a attaqu\u00e9 au moment parfait, quand tout le monde \u00e9tait fatigu\u00e9 apr\u00e8s 70 kilom\u00e8tres. J&rsquo;ai fait le jump et nous nous sommes retrouv\u00e9s \u00e0 14 \u00e0 l&rsquo;avant. On s&rsquo;est battu toute la journ\u00e9e pour rester devant! Dans les 20 derniers kilom\u00e8tres, le groupe a commenc\u00e9 \u00e0 s&rsquo;attaquer<\/em>, d\u00e9taillait Dempster \u00e0 l&rsquo;arriv\u00e9e. <em>August y allait, ensuite c&rsquo;\u00e9tait mon tour : nous avons \u00e9puis\u00e9 quelques gars puis \u00e0 9 kilom\u00e8tres du but, une attaque a \u00e9t\u00e9 reprise et j&rsquo;ai contre-attaqu\u00e9. Deux gars m&rsquo;ont suivi et nous avons tout donn\u00e9 pour rester en t\u00eate. Derri\u00e8re, August cassait tous les coups. Enfin au sprint, je l&rsquo;ai jou\u00e9 intelligemment et j&rsquo;ai gagn\u00e9 !<\/em> \u00bb<\/p>\n<p style=\"text-align: justify;\">Apr\u00e8s avoir pris la 16e place la veille sur le GP de Zottegem, Dempster se pr\u00e9sentait en forme dans la province d&rsquo;Utrecht. Avant ces deux courses d&rsquo;un jour, il venait de disputer le tr\u00e8s exigeant Tour du Portugal, lors duquel il a pris une troisi\u00e8me place d&rsquo;\u00e9tape. \u00ab <em>Je m&rsquo;y attendais plus ou moins. Je me sentais vraiment tr\u00e8s bien hier (avant-hier). Je savais que si je jouais bien le coup, je pouvais gagner une course. C&rsquo;est un sentiment magnifique et maintenant je suis d\u00e9j\u00e0 impatient de revivre de telles \u00e9motions.<\/em> \u00bb<\/p>\n","protected":false},"excerpt":{"rendered":"<p>Zakkari Dempster s&rsquo;est offert sa premi\u00e8re victoire pro ce mercredi sur la Classique de Veenendaal (1.1). A 31 ans, le capitaine de route d&rsquo;Israel Cycling Academy a r\u00e9ussi \u00e0 lever les bras apr\u00e8s une course folle. L&rsquo;Australien s&rsquo;est gliss\u00e9 dans l&rsquo;\u00e9chapp\u00e9e gagnante, apr\u00e8s une bagarre de plus d&rsquo;une heure et demi. Treize autres coureurs l&rsquo;accompagnaient &hellip;<\/p>\n","protected":false},"author":15,"featured_media":134932,"comment_status":"open","ping_status":"open","sticky":false,"template":"","format":"standard","meta":{"footnotes":""},"categories":[11,8,15,154,28],"tags":[],"class_list":["post-134931","post","type-post","status-publish","format-standard","has-post-thumbnail","hentry","category-news-niveau-2","category-interviews","category-route","category-veenendaal-veenendaal-classic","category-course"],"_links":{"self":[{"href":"https:\/\/cyclingpro.net\/velopro\/wp-json\/wp\/v2\/posts\/134931","targetHints":{"allow":["GET"]}}],"collection":[{"href":"https:\/\/cyclingpro.net\/velopro\/wp-json\/wp\/v2\/posts"}],"about":[{"href":"https:\/\/cyclingpro.net\/velopro\/wp-json\/wp\/v2\/types\/post"}],"author":[{"embeddable":true,"href":"https:\/\/cyclingpro.net\/velopro\/wp-json\/wp\/v2\/users\/15"}],"replies":[{"embeddable":true,"href":"https:\/\/cyclingpro.net\/velopro\/wp-json\/wp\/v2\/comments?post=134931"}],"version-history":[{"count":2,"href":"https:\/\/cyclingpro.net\/velopro\/wp-json\/wp\/v2\/posts\/134931\/revisions"}],"predecessor-version":[{"id":134940,"href":"https:\/\/cyclingpro.net\/velopro\/wp-json\/wp\/v2\/posts\/134931\/revisions\/134940"}],"wp:featuredmedia":[{"embeddable":true,"href":"https:\/\/cyclingpro.net\/velopro\/wp-json\/wp\/v2\/media\/134932"}],"wp:attachment":[{"href":"https:\/\/cyclingpro.net\/velopro\/wp-json\/wp\/v2\/media?parent=134931"}],"wp:term":[{"taxonomy":"category","embeddable":true,"href":"https:\/\/cyclingpro.net\/velopro\/wp-json\/wp\/v2\/categories?post=134931"},{"taxonomy":"post_tag","embeddable":true,"href":"https:\/\/cyclingpro.net\/velopro\/wp-json\/wp\/v2\/tags?post=134931"}],"curies":[{"name":"wp","href":"https:\/\/api.w.org\/{rel}","templated":true}]}}