{"id":134806,"date":"2019-08-21T10:11:24","date_gmt":"2019-08-21T08:11:24","guid":{"rendered":"https:\/\/cyclingpro.net\/velopro\/?p=134806"},"modified":"2019-08-21T10:11:24","modified_gmt":"2019-08-21T08:11:24","slug":"bora-hansgrohe-engage-lennard-kamna-pour-deux-saisons","status":"publish","type":"post","link":"https:\/\/cyclingpro.net\/velopro\/mercato\/bora-hansgrohe-engage-lennard-kamna-pour-deux-saisons\/","title":{"rendered":"Bora-hansgrohe engage Lennard K\u00e4mna pour deux saisons"},"content":{"rendered":"<p style=\"text-align: justify;\">Un nouveau talent allemand arrive dans les rangs de la Bora-hansgrohe. Apr\u00e8s \u00eatre pass\u00e9 pro chez Sunweb en 2017, Lennard K\u00e4mna s&rsquo;est engag\u00e9 avec Bora-hansgrohe jusqu&rsquo;\u00e0 fin 2021. Sixi\u00e8me \u00e0 Foix, quatri\u00e8me \u00e0 Valloire, le grimpeur de 22 ans sort d&rsquo;un joli Tour de France. Il s&rsquo;y est montr\u00e9 \u00e0 son avantage en \u00e9chapp\u00e9e, apr\u00e8s un Tour de Suisse conclu \u00e0 la 17e place.<\/p>\n<p style=\"text-align: justify;\">\u00ab <em>Je pense que c&rsquo;\u00e9tait le moment de passer un cap. Je suis tr\u00e8s heureux de rejoindre Bora-hansgrohe<\/em>, se satisfaisait K\u00e4mna dans le communiqu\u00e9 d&rsquo;officialisation. <em>L&rsquo;\u00e9quipe a un environnement tr\u00e8s professionnel et m&rsquo;apportera, sans aucun doute, les conditions optimales pour poursuivre mon d\u00e9veloppement. Mes trois ann\u00e9es chez Sunweb ont \u00e9t\u00e9 riches en apprentissage et je suis tr\u00e8s reconnaissant envers eux de m&rsquo;avoir men\u00e9 au niveau WorldTour. C&rsquo;\u00e9tait la premi\u00e8re \u00e9tape de ma carri\u00e8re, la deuxi\u00e8me vient maintenant, chez Bora-hansgrohe.<\/em> \u00bb<\/p>\n","protected":false},"excerpt":{"rendered":"<p>Un nouveau talent allemand arrive dans les rangs de la Bora-hansgrohe. Apr\u00e8s \u00eatre pass\u00e9 pro chez Sunweb en 2017, Lennard K\u00e4mna s&rsquo;est engag\u00e9 avec Bora-hansgrohe jusqu&rsquo;\u00e0 fin 2021. Sixi\u00e8me \u00e0 Foix, quatri\u00e8me \u00e0 Valloire, le grimpeur de 22 ans sort d&rsquo;un joli Tour de France. Il s&rsquo;y est montr\u00e9 \u00e0 son avantage en \u00e9chapp\u00e9e, apr\u00e8s &hellip;<\/p>\n","protected":false},"author":15,"featured_media":134810,"comment_status":"open","ping_status":"open","sticky":false,"template":"","format":"standard","meta":{"footnotes":""},"categories":[11,25,15,10],"tags":[],"class_list":["post-134806","post","type-post","status-publish","format-standard","has-post-thumbnail","hentry","category-news-niveau-2","category-news","category-route","category-mercato"],"_links":{"self":[{"href":"https:\/\/cyclingpro.net\/velopro\/wp-json\/wp\/v2\/posts\/134806","targetHints":{"allow":["GET"]}}],"collection":[{"href":"https:\/\/cyclingpro.net\/velopro\/wp-json\/wp\/v2\/posts"}],"about":[{"href":"https:\/\/cyclingpro.net\/velopro\/wp-json\/wp\/v2\/types\/post"}],"author":[{"embeddable":true,"href":"https:\/\/cyclingpro.net\/velopro\/wp-json\/wp\/v2\/users\/15"}],"replies":[{"embeddable":true,"href":"https:\/\/cyclingpro.net\/velopro\/wp-json\/wp\/v2\/comments?post=134806"}],"version-history":[{"count":2,"href":"https:\/\/cyclingpro.net\/velopro\/wp-json\/wp\/v2\/posts\/134806\/revisions"}],"predecessor-version":[{"id":134808,"href":"https:\/\/cyclingpro.net\/velopro\/wp-json\/wp\/v2\/posts\/134806\/revisions\/134808"}],"wp:featuredmedia":[{"embeddable":true,"href":"https:\/\/cyclingpro.net\/velopro\/wp-json\/wp\/v2\/media\/134810"}],"wp:attachment":[{"href":"https:\/\/cyclingpro.net\/velopro\/wp-json\/wp\/v2\/media?parent=134806"}],"wp:term":[{"taxonomy":"category","embeddable":true,"href":"https:\/\/cyclingpro.net\/velopro\/wp-json\/wp\/v2\/categories?post=134806"},{"taxonomy":"post_tag","embeddable":true,"href":"https:\/\/cyclingpro.net\/velopro\/wp-json\/wp\/v2\/tags?post=134806"}],"curies":[{"name":"wp","href":"https:\/\/api.w.org\/{rel}","templated":true}]}}