{"id":134716,"date":"2019-08-19T14:40:55","date_gmt":"2019-08-19T12:40:55","guid":{"rendered":"https:\/\/cyclingpro.net\/velopro\/?p=134716"},"modified":"2019-08-19T14:57:18","modified_gmt":"2019-08-19T12:57:18","slug":"binckbank-tour-greg-van-avermaet-frustre-de-repartir-bredouille","status":"publish","type":"post","link":"https:\/\/cyclingpro.net\/velopro\/course\/binckbanktour\/binckbank-tour-greg-van-avermaet-frustre-de-repartir-bredouille\/","title":{"rendered":"BinckBank Tour : Greg van Avermaet frustr\u00e9 de repartir bredouille"},"content":{"rendered":"<p style=\"text-align: justify;\">Il va sans dire que Greg van Avermaet attendait la derni\u00e8re \u00e9tape du BinckBank Tour avec impatience. \u00c0 travers quelques uns des monts du Tour des Flandres, et plus sp\u00e9cifiquement le Mur de Grammont, le champion olympique savait qu&rsquo;il trouverait l\u00e0 son terrain de jeu id\u00e9al. Car, quelque peu en retrait suite \u00e0 l&rsquo;\u00e9tape accident\u00e9e d&rsquo;Houffalize et au contre-la-montre individuel, le leader de la CCC avait sans doute \u00e0 coeur de retrouver le devant de la sc\u00e8ne et jouer les tous premiers r\u00f4les. De ce point de vue, il ne pourra pas \u00eatre d\u00e9\u00e7u, le Belge de 34 ans ayant bel et bien \u00e9t\u00e9 l&rsquo;un des principaux protagonistes de cet ultime acte vers Geraardsbergen. En revanche, il en est ressorti les mains compl\u00e8tement vides. Battu par Oliver Naesen (AG2R-La Mondiale) dans le sprint pour la victoire alors que Laurens De Plus (Jumbo-Visma) assurait son sacre au g\u00e9n\u00e9ral, il a \u00e9galement \u00e9chou\u00e9 au pied du podium final &#8230; pour une seconde face \u00e0 Tim Wellens (Lotto-Soudal).<\/p>\n<p style=\"text-align: justify;\"><em>\u00ab\u00a0Je pense que notre \u00e9chapp\u00e9e \u00e9tait parfaite et j&rsquo;\u00e9tais heureux d&rsquo;\u00eatre l\u00e0,<\/em> commentait plus tard Van Avermaet. <em>Je pense que c&rsquo;\u00e9tait un bon coup \u00e0 jouer pour la victoire d&rsquo;\u00e9tape et le classement g\u00e9n\u00e9ral. C\u2019est juste dommage que je n&rsquo;ai rien au final, parce que je n\u2019ai pas gagn\u00e9 l&rsquo;\u00e9tape et que je ne suis pas mont\u00e9 sur le podium du classement g\u00e9n\u00e9ral. Je me sentais vraiment fort et je pensais pouvoir gagner l&rsquo;\u00e9tape. J&rsquo;ai peut-\u00eatre lanc\u00e9 un peu trop t\u00f4t dans le sprint mais c\u2019est facile \u00e0 dire apr\u00e8s coup. Je suis assez content de mes jambes et de la fa\u00e7on dont \u00e7a s\u2019est pass\u00e9. C\u2019est toujours tr\u00e8s dommage d\u2019\u00eatre deuxi\u00e8me, surtout aujourd\u2019hui car je suis \u00e0 la recherche d&rsquo;une victoire depuis quelques mois. C\u2019est toujours triste, mais j\u2019\u00e9tais content d\u2019avoir les jambes et d\u2019\u00eatre parmi les meilleurs pour r\u00e9aliser une belle course.\u00a0 J\u2019\u00e9tais deuxi\u00e8me \u00e0 San Sebastian, encore deuxi\u00e8me ici, et quatri\u00e8me au g\u00e9n\u00e9ral, ce qui signifie que je suis vraiment en forme. Bien s\u00fbr, gagner est le plus important, mais quand ce n\u2019est pas le cas, vous devez prendre confiance avec ces bons top-10 &#8230;\u00a0\u00bb<\/em><\/p>\n","protected":false},"excerpt":{"rendered":"<p>Il va sans dire que Greg van Avermaet attendait la derni\u00e8re \u00e9tape du BinckBank Tour avec impatience. \u00c0 travers quelques uns des monts du Tour des Flandres, et plus sp\u00e9cifiquement le Mur de Grammont, le champion olympique savait qu&rsquo;il trouverait l\u00e0 son terrain de jeu id\u00e9al. Car, quelque peu en retrait suite \u00e0 l&rsquo;\u00e9tape accident\u00e9e &hellip;<\/p>\n","protected":false},"author":5,"featured_media":134718,"comment_status":"open","ping_status":"open","sticky":false,"template":"","format":"standard","meta":{"footnotes":""},"categories":[11,147,15],"tags":[],"class_list":["post-134716","post","type-post","status-publish","format-standard","has-post-thumbnail","hentry","category-news-niveau-2","category-binckbanktour","category-route"],"_links":{"self":[{"href":"https:\/\/cyclingpro.net\/velopro\/wp-json\/wp\/v2\/posts\/134716","targetHints":{"allow":["GET"]}}],"collection":[{"href":"https:\/\/cyclingpro.net\/velopro\/wp-json\/wp\/v2\/posts"}],"about":[{"href":"https:\/\/cyclingpro.net\/velopro\/wp-json\/wp\/v2\/types\/post"}],"author":[{"embeddable":true,"href":"https:\/\/cyclingpro.net\/velopro\/wp-json\/wp\/v2\/users\/5"}],"replies":[{"embeddable":true,"href":"https:\/\/cyclingpro.net\/velopro\/wp-json\/wp\/v2\/comments?post=134716"}],"version-history":[{"count":1,"href":"https:\/\/cyclingpro.net\/velopro\/wp-json\/wp\/v2\/posts\/134716\/revisions"}],"predecessor-version":[{"id":134717,"href":"https:\/\/cyclingpro.net\/velopro\/wp-json\/wp\/v2\/posts\/134716\/revisions\/134717"}],"wp:featuredmedia":[{"embeddable":true,"href":"https:\/\/cyclingpro.net\/velopro\/wp-json\/wp\/v2\/media\/134718"}],"wp:attachment":[{"href":"https:\/\/cyclingpro.net\/velopro\/wp-json\/wp\/v2\/media?parent=134716"}],"wp:term":[{"taxonomy":"category","embeddable":true,"href":"https:\/\/cyclingpro.net\/velopro\/wp-json\/wp\/v2\/categories?post=134716"},{"taxonomy":"post_tag","embeddable":true,"href":"https:\/\/cyclingpro.net\/velopro\/wp-json\/wp\/v2\/tags?post=134716"}],"curies":[{"name":"wp","href":"https:\/\/api.w.org\/{rel}","templated":true}]}}