{"id":134235,"date":"2019-08-14T17:13:53","date_gmt":"2019-08-14T15:13:53","guid":{"rendered":"https:\/\/cyclingpro.net\/velopro\/?p=134235"},"modified":"2019-08-14T17:13:53","modified_gmt":"2019-08-14T15:13:53","slug":"binckbank-tour-le-sprint-de-la-troisieme-etape-en-video","status":"publish","type":"post","link":"https:\/\/cyclingpro.net\/velopro\/course\/binckbanktour\/binckbank-tour-le-sprint-de-la-troisieme-etape-en-video\/","title":{"rendered":"BinckBank Tour : Le sprint de la troisi\u00e8me \u00e9tape en vid\u00e9o"},"content":{"rendered":"<p style=\"text-align: justify;\"><span style=\"text-decoration: underline;\"><a href=\"https:\/\/cyclingpro.net\/velopro\/course\/binckbanktour\/binckbank-tour-sam-bennett-signe-un-coup-de-trois-devant-dylan-groenewegen\/\">Sam Bennett encha\u00eene !<\/a><\/span> Apr\u00e8s avoir remport\u00e9 les deux premi\u00e8res \u00e9tapes, le champion d&rsquo;Irlande a confirm\u00e9 son excellente condition \u00e0 l&rsquo;arriv\u00e9e d&rsquo;Aalter. D&rsquo;un cheveu, le leader de la course a domin\u00e9 Dylan Groenewegen. Les deux hommes ont \u00e9t\u00e9 d\u00e9partag\u00e9s \u00e0 la photo-finish. Jasper Philipsen a pris la troisi\u00e8me place en retrait. L&#8217;emballage final a \u00e9t\u00e9 marqu\u00e9 par une chute dans le dernier virage, emp\u00eachant plusieurs sprinteurs de s&rsquo;exprimer. J\u00fcrgen Roelandts et Florian S\u00e9n\u00e9chal ont su en profiter : ils compl\u00e8tent le top5.<\/p>\n<blockquote class=\"twitter-tweet\">\n<p dir=\"ltr\" lang=\"en\">&#x1f3a5; Footage of the last kilometer of the third stage in the BinckBank Tour, Aalter-Aalter. won by <a href=\"https:\/\/twitter.com\/Sammmy_Be?ref_src=twsrc%5Etfw\">@Sammmy_Be<\/a> (<a href=\"https:\/\/twitter.com\/BORAhansgrohe?ref_src=twsrc%5Etfw\">@BORAhansgrohe<\/a>) in a very close sprint with <a href=\"https:\/\/twitter.com\/GroenewegenD?ref_src=twsrc%5Etfw\">@GroenewegenD<\/a> (<a href=\"https:\/\/twitter.com\/JumboVismaRoad?ref_src=twsrc%5Etfw\">@JumboVismaRoad<\/a>). <a href=\"https:\/\/twitter.com\/hashtag\/BinckBankTour?src=hash&amp;ref_src=twsrc%5Etfw\">#BinckBankTour<\/a> <a href=\"https:\/\/t.co\/DVnC0eWUAi\">pic.twitter.com\/DVnC0eWUAi<\/a><\/p>\n<p>\u2014 BinckBank Tour (@BinckBankTour) <a href=\"https:\/\/twitter.com\/BinckBankTour\/status\/1161652330103746561?ref_src=twsrc%5Etfw\">August 14, 2019<\/a><\/p><\/blockquote>\n<p><script async src=\"https:\/\/platform.twitter.com\/widgets.js\" charset=\"utf-8\"><\/script><\/p>\n","protected":false},"excerpt":{"rendered":"<p>Sam Bennett encha\u00eene ! Apr\u00e8s avoir remport\u00e9 les deux premi\u00e8res \u00e9tapes, le champion d&rsquo;Irlande a confirm\u00e9 son excellente condition \u00e0 l&rsquo;arriv\u00e9e d&rsquo;Aalter. D&rsquo;un cheveu, le leader de la course a domin\u00e9 Dylan Groenewegen. Les deux hommes ont \u00e9t\u00e9 d\u00e9partag\u00e9s \u00e0 la photo-finish. Jasper Philipsen a pris la troisi\u00e8me place en retrait. L&#8217;emballage final a \u00e9t\u00e9 &hellip;<\/p>\n","protected":false},"author":15,"featured_media":134140,"comment_status":"open","ping_status":"open","sticky":false,"template":"","format":"standard","meta":{"footnotes":""},"categories":[11,147,14,15,18,19,28],"tags":[],"class_list":["post-134235","post","type-post","status-publish","format-standard","has-post-thumbnail","hentry","category-news-niveau-2","category-binckbanktour","category-resultats","category-route","category-videos","category-worldtour","category-course"],"_links":{"self":[{"href":"https:\/\/cyclingpro.net\/velopro\/wp-json\/wp\/v2\/posts\/134235","targetHints":{"allow":["GET"]}}],"collection":[{"href":"https:\/\/cyclingpro.net\/velopro\/wp-json\/wp\/v2\/posts"}],"about":[{"href":"https:\/\/cyclingpro.net\/velopro\/wp-json\/wp\/v2\/types\/post"}],"author":[{"embeddable":true,"href":"https:\/\/cyclingpro.net\/velopro\/wp-json\/wp\/v2\/users\/15"}],"replies":[{"embeddable":true,"href":"https:\/\/cyclingpro.net\/velopro\/wp-json\/wp\/v2\/comments?post=134235"}],"version-history":[{"count":2,"href":"https:\/\/cyclingpro.net\/velopro\/wp-json\/wp\/v2\/posts\/134235\/revisions"}],"predecessor-version":[{"id":134237,"href":"https:\/\/cyclingpro.net\/velopro\/wp-json\/wp\/v2\/posts\/134235\/revisions\/134237"}],"wp:featuredmedia":[{"embeddable":true,"href":"https:\/\/cyclingpro.net\/velopro\/wp-json\/wp\/v2\/media\/134140"}],"wp:attachment":[{"href":"https:\/\/cyclingpro.net\/velopro\/wp-json\/wp\/v2\/media?parent=134235"}],"wp:term":[{"taxonomy":"category","embeddable":true,"href":"https:\/\/cyclingpro.net\/velopro\/wp-json\/wp\/v2\/categories?post=134235"},{"taxonomy":"post_tag","embeddable":true,"href":"https:\/\/cyclingpro.net\/velopro\/wp-json\/wp\/v2\/tags?post=134235"}],"curies":[{"name":"wp","href":"https:\/\/api.w.org\/{rel}","templated":true}]}}