{"id":134107,"date":"2019-08-13T14:04:34","date_gmt":"2019-08-13T12:04:34","guid":{"rendered":"https:\/\/cyclingpro.net\/velopro\/?p=134107"},"modified":"2019-08-13T14:04:34","modified_gmt":"2019-08-13T12:04:34","slug":"polynormande-pierre-luc-perichon-a-la-defense-de-son-titre","status":"publish","type":"post","link":"https:\/\/cyclingpro.net\/velopro\/course\/polynormande\/polynormande-pierre-luc-perichon-a-la-defense-de-son-titre\/","title":{"rendered":"Polynormande : Pierre-Luc P\u00e9richon \u00e0 la d\u00e9fense de son titre"},"content":{"rendered":"<p style=\"text-align: justify;\">Vainqueur en 2018, Pierre-Luc P\u00e9richon va tenter de conserver son titre sur la Polynormande, ce dimanche 18 ao\u00fbt. Apr\u00e8s un Tour de France pass\u00e9 \u00e0 l&rsquo;attaque, le coureur de 32 ans a pris le d\u00e9part de la\u00a0Cl\u00e1sica San Sebasti\u00e1n. Une \u00e9preuve qu&rsquo;il n&rsquo;a pas pu terminer avant de s&rsquo;octroyer une dizaine de jours de repos. Remis de ses efforts, il fera partie des favoris pour la onzi\u00e8me manche de la Coupe de France. D&rsquo;autant que l&rsquo;\u00e9quipe b\u00e2tie autour de lui par Cofidis est int\u00e9ressante.<\/p>\n<p style=\"text-align: justify;\">La formation nordiste disposera alors de plusieurs cartes. En cas de sprint, Nacer Bouhanni et Damien Touz\u00e9 pourront tirer leurs \u00e9pingles du jeu. Omnipr\u00e9sent en \u00e9chapp\u00e9e sur le Tour, St\u00e9phane Rossetto a suivi le m\u00eame programme que P\u00e9richon et devrait se montrer une nouvelle fois \u00e0 l&rsquo;avant. Dimitri Claeys et Geoffrey Soupe compl\u00e8tent la s\u00e9lection alors que le jeune stagiaire Eddy Fin\u00e9 disputera sa premi\u00e8re course sous les couleurs de la Cofidis.<\/p>\n<blockquote class=\"twitter-tweet\">\n<p dir=\"ltr\" lang=\"fr\">Equipe de choc &#x1f4a5; sur la <a href=\"https:\/\/twitter.com\/Polynormande?ref_src=twsrc%5Etfw\">@Polynormande<\/a> autour du tenant du titre : <a href=\"https:\/\/twitter.com\/PerichonPLuc?ref_src=twsrc%5Etfw\">@PerichonPLuc<\/a>.<br \/>\nNotre s\u00e9lection &#x2935;<\/p>\n<p>&#x1f1eb;&#x1f1f7; <a href=\"https:\/\/twitter.com\/PerichonPLuc?ref_src=twsrc%5Etfw\">@PerichonPLuc<\/a><br \/>\n&#x1f1eb;&#x1f1f7; <a href=\"https:\/\/twitter.com\/BouhanniNacer?ref_src=twsrc%5Etfw\">@BouhanniNacer<\/a><br \/>\n&#x1f1eb;&#x1f1f7; <a href=\"https:\/\/twitter.com\/damientouze?ref_src=twsrc%5Etfw\">@damientouze<\/a><br \/>\n&#x1f1eb;&#x1f1f7; <a href=\"https:\/\/twitter.com\/StephanRossetto?ref_src=twsrc%5Etfw\">@StephanRossetto<\/a><br \/>\n&#x1f1e7;&#x1f1ea; <a href=\"https:\/\/twitter.com\/dimitriclaeys?ref_src=twsrc%5Etfw\">@dimitriclaeys<\/a><br \/>\n&#x1f1eb;&#x1f1f7; <a href=\"https:\/\/twitter.com\/GeoffSoupe?ref_src=twsrc%5Etfw\">@GeoffSoupe<\/a><br \/>\n&#x1f1eb;&#x1f1f7; <a href=\"https:\/\/twitter.com\/EddyFin1?ref_src=twsrc%5Etfw\">@EddyFin1<\/a><a href=\"https:\/\/twitter.com\/hashtag\/CofidisMyTeam?src=hash&amp;ref_src=twsrc%5Etfw\">#CofidisMyTeam<\/a> <a href=\"https:\/\/twitter.com\/hashtag\/Polynormande?src=hash&amp;ref_src=twsrc%5Etfw\">#Polynormande<\/a> <a href=\"https:\/\/t.co\/vmGrdyRXFy\">pic.twitter.com\/vmGrdyRXFy<\/a><\/p>\n<p>\u2014 Team Cofidis (@TeamCOFIDIS) <a href=\"https:\/\/twitter.com\/TeamCOFIDIS\/status\/1161171023921741824?ref_src=twsrc%5Etfw\">August 13, 2019<\/a><\/p><\/blockquote>\n<p><script async src=\"https:\/\/platform.twitter.com\/widgets.js\" charset=\"utf-8\"><\/script><\/p>\n","protected":false},"excerpt":{"rendered":"<p>Vainqueur en 2018, Pierre-Luc P\u00e9richon va tenter de conserver son titre sur la Polynormande, ce dimanche 18 ao\u00fbt. Apr\u00e8s un Tour de France pass\u00e9 \u00e0 l&rsquo;attaque, le coureur de 32 ans a pris le d\u00e9part de la\u00a0Cl\u00e1sica San Sebasti\u00e1n. Une \u00e9preuve qu&rsquo;il n&rsquo;a pas pu terminer avant de s&rsquo;octroyer une dizaine de jours de repos. &hellip;<\/p>\n","protected":false},"author":15,"featured_media":134108,"comment_status":"open","ping_status":"open","sticky":false,"template":"","format":"standard","meta":{"footnotes":""},"categories":[11,25,239,15,28],"tags":[],"class_list":["post-134107","post","type-post","status-publish","format-standard","has-post-thumbnail","hentry","category-news-niveau-2","category-news","category-polynormande","category-route","category-course"],"_links":{"self":[{"href":"https:\/\/cyclingpro.net\/velopro\/wp-json\/wp\/v2\/posts\/134107","targetHints":{"allow":["GET"]}}],"collection":[{"href":"https:\/\/cyclingpro.net\/velopro\/wp-json\/wp\/v2\/posts"}],"about":[{"href":"https:\/\/cyclingpro.net\/velopro\/wp-json\/wp\/v2\/types\/post"}],"author":[{"embeddable":true,"href":"https:\/\/cyclingpro.net\/velopro\/wp-json\/wp\/v2\/users\/15"}],"replies":[{"embeddable":true,"href":"https:\/\/cyclingpro.net\/velopro\/wp-json\/wp\/v2\/comments?post=134107"}],"version-history":[{"count":2,"href":"https:\/\/cyclingpro.net\/velopro\/wp-json\/wp\/v2\/posts\/134107\/revisions"}],"predecessor-version":[{"id":134110,"href":"https:\/\/cyclingpro.net\/velopro\/wp-json\/wp\/v2\/posts\/134107\/revisions\/134110"}],"wp:featuredmedia":[{"embeddable":true,"href":"https:\/\/cyclingpro.net\/velopro\/wp-json\/wp\/v2\/media\/134108"}],"wp:attachment":[{"href":"https:\/\/cyclingpro.net\/velopro\/wp-json\/wp\/v2\/media?parent=134107"}],"wp:term":[{"taxonomy":"category","embeddable":true,"href":"https:\/\/cyclingpro.net\/velopro\/wp-json\/wp\/v2\/categories?post=134107"},{"taxonomy":"post_tag","embeddable":true,"href":"https:\/\/cyclingpro.net\/velopro\/wp-json\/wp\/v2\/tags?post=134107"}],"curies":[{"name":"wp","href":"https:\/\/api.w.org\/{rel}","templated":true}]}}