{"id":134103,"date":"2019-08-13T13:49:53","date_gmt":"2019-08-13T11:49:53","guid":{"rendered":"https:\/\/cyclingpro.net\/velopro\/?p=134103"},"modified":"2019-08-13T13:49:53","modified_gmt":"2019-08-13T11:49:53","slug":"tour-dallemagne-julian-alaphilippe-et-geraint-thomas-emaillent-un-plateau-de-premier-plan","status":"publish","type":"post","link":"https:\/\/cyclingpro.net\/velopro\/course\/deutschland-tour\/tour-dallemagne-julian-alaphilippe-et-geraint-thomas-emaillent-un-plateau-de-premier-plan\/","title":{"rendered":"Tour d&rsquo;Allemagne : Julian Alaphilippe et Geraint Thomas \u00e9maillent un plateau de premier plan"},"content":{"rendered":"<p style=\"text-align: justify;\">Les organisateurs du Tour d&rsquo;Allemagne annoncent un d\u00e9fil\u00e9 de stars sur leur \u00e9preuve, du 29 ao\u00fbt au 1er septembre. Il faut dire que de nombreux coureurs majeurs du circuit ont confirm\u00e9 leur engagement pour se disputer le titre entre Hanovre et Erfurt. Ainsi, Julian Alaphilippe, Geraint Thomas, Vincenzo Nibali et Richie Porte \u00e9maillent d\u00e9j\u00e0 la liste de d\u00e9part de la course class\u00e9e 2.HC. Le jeune prodige Remco Evenepoel est aussi annonc\u00e9, avec les Michal Kwiatkowski, Dan Martin, Alberto Bettiol ou encore Kasper Asgreen.<\/p>\n<h6><strong><a href=\"https:\/\/cyclingpro.net\/velopro\/course\/deutschland-tour\/tour-dallemagne-le-parcours-de-ledition-2019\/\">Lire aussi &gt; Le parcours de l&rsquo;\u00e9dition 2019\u00a0<\/a><\/strong><\/h6>\n<p style=\"text-align: justify;\">C\u00f4t\u00e9 sprint, Caleb Ewan, Alexander Kristoff et Jasper Stuyven sont attendus en plus du local Pascal Ackermann. Les supporters allemands pourront aussi c\u00e9l\u00e9brer le quatri\u00e8me du dernier Tour de France Emanuel Buchmann ou le deuxi\u00e8me de Paris-Roubaix Nils Politt.\u00a0De quoi ravir le directeur de l&rsquo;\u00e9preuve Claude Rach. \u00ab\u00a0<em>Le\u00a0Deutschland\u00a0Tour 2019 accueillera un des meilleurs pelotons de la saison. Le niveau exceptionnellement \u00e9lev\u00e9 des \u00e9quipes et coureurs qui participent \u00e0 cette \u00e9dition du\u00a0Deutschland\u00a0Tour t\u00e9moigne de l\u2019\u00e9volution de la course. Apr\u00e8s la promotion dans la cat\u00e9gorie HC et l\u2019int\u00e9r\u00eat port\u00e9 par les \u00e9quipes UCI\u00a0WorldTour\u00a0et les meilleurs coureurs allemands, l\u2019annonce de la participation de nombreux grands coureurs internationaux est un peu comme la cerise sur le g\u00e2teau.<\/em>\u00a0\u00bb<\/p>\n","protected":false},"excerpt":{"rendered":"<p>Les organisateurs du Tour d&rsquo;Allemagne annoncent un d\u00e9fil\u00e9 de stars sur leur \u00e9preuve, du 29 ao\u00fbt au 1er septembre. Il faut dire que de nombreux coureurs majeurs du circuit ont confirm\u00e9 leur engagement pour se disputer le titre entre Hanovre et Erfurt. Ainsi, Julian Alaphilippe, Geraint Thomas, Vincenzo Nibali et Richie Porte \u00e9maillent d\u00e9j\u00e0 la &hellip;<\/p>\n","protected":false},"author":15,"featured_media":134105,"comment_status":"open","ping_status":"open","sticky":false,"template":"","format":"standard","meta":{"footnotes":""},"categories":[11,25,24,15,231,28],"tags":[],"class_list":["post-134103","post","type-post","status-publish","format-standard","has-post-thumbnail","hentry","category-news-niveau-2","category-news","category-presentation-course","category-route","category-deutschland-tour","category-course"],"_links":{"self":[{"href":"https:\/\/cyclingpro.net\/velopro\/wp-json\/wp\/v2\/posts\/134103","targetHints":{"allow":["GET"]}}],"collection":[{"href":"https:\/\/cyclingpro.net\/velopro\/wp-json\/wp\/v2\/posts"}],"about":[{"href":"https:\/\/cyclingpro.net\/velopro\/wp-json\/wp\/v2\/types\/post"}],"author":[{"embeddable":true,"href":"https:\/\/cyclingpro.net\/velopro\/wp-json\/wp\/v2\/users\/15"}],"replies":[{"embeddable":true,"href":"https:\/\/cyclingpro.net\/velopro\/wp-json\/wp\/v2\/comments?post=134103"}],"version-history":[{"count":2,"href":"https:\/\/cyclingpro.net\/velopro\/wp-json\/wp\/v2\/posts\/134103\/revisions"}],"predecessor-version":[{"id":134106,"href":"https:\/\/cyclingpro.net\/velopro\/wp-json\/wp\/v2\/posts\/134103\/revisions\/134106"}],"wp:featuredmedia":[{"embeddable":true,"href":"https:\/\/cyclingpro.net\/velopro\/wp-json\/wp\/v2\/media\/134105"}],"wp:attachment":[{"href":"https:\/\/cyclingpro.net\/velopro\/wp-json\/wp\/v2\/media?parent=134103"}],"wp:term":[{"taxonomy":"category","embeddable":true,"href":"https:\/\/cyclingpro.net\/velopro\/wp-json\/wp\/v2\/categories?post=134103"},{"taxonomy":"post_tag","embeddable":true,"href":"https:\/\/cyclingpro.net\/velopro\/wp-json\/wp\/v2\/tags?post=134103"}],"curies":[{"name":"wp","href":"https:\/\/api.w.org\/{rel}","templated":true}]}}