{"id":134089,"date":"2019-08-13T11:31:22","date_gmt":"2019-08-13T09:31:22","guid":{"rendered":"https:\/\/cyclingpro.net\/velopro\/?p=134089"},"modified":"2019-08-13T11:31:22","modified_gmt":"2019-08-13T09:31:22","slug":"tour-de-lavenir-alan-boileau-remplace-jeremy-bellicaud-blesse-au-genou","status":"publish","type":"post","link":"https:\/\/cyclingpro.net\/velopro\/course\/tour-de-lavenir\/tour-de-lavenir-alan-boileau-remplace-jeremy-bellicaud-blesse-au-genou\/","title":{"rendered":"Tour de l&rsquo;Avenir : Alan Boileau remplace J\u00e9r\u00e9my Bellicaud, bless\u00e9 au genou"},"content":{"rendered":"<p style=\"text-align: justify;\">Touch\u00e9 au genou, J\u00e9r\u00e9my Bellicaud ne pourra pas honorer sa s\u00e9lection au Tour de l&rsquo;Avenir. Celui qui vient de signer <span style=\"text-decoration: underline;\"><a href=\"https:\/\/cyclingpro.net\/velopro\/mercato\/jeremy-bellicaud-signe-son-premier-contrat-pro-chez-wanty-gobert\/\">son premier contrat pro chez Wanty-Gobert<\/a><\/span> sera alors remplac\u00e9 par Alan Boileau (Team Pays de Dinan). Le reste de la s\u00e9lection tricolore est inchang\u00e9e. C&rsquo;est alors Cl\u00e9ment Champoussin (Chamb\u00e9ry Cyclisme Formation) qui conduira les ambitions fran\u00e7aises du 15 au 25 ao\u00fbt. Le futur coureur d&rsquo;AG2R-La Mondiale pourra compter sur le soutien de Mathieu Burgaudeau (Total Direct Energie), Simon Guglielmi (Groupama-FDJ Continental), huiti\u00e8me du Baby Giro, Aur\u00e9lien Doleatto (Bourg-en-Bresse Ain Cyclisme), cinqui\u00e8me du Tour de Savoie-Mont Blanc et Nicolas Prodhomme (Chamb\u00e9ry Cyclisme Formation).<\/p>\n","protected":false},"excerpt":{"rendered":"<p>Touch\u00e9 au genou, J\u00e9r\u00e9my Bellicaud ne pourra pas honorer sa s\u00e9lection au Tour de l&rsquo;Avenir. Celui qui vient de signer son premier contrat pro chez Wanty-Gobert sera alors remplac\u00e9 par Alan Boileau (Team Pays de Dinan). Le reste de la s\u00e9lection tricolore est inchang\u00e9e. C&rsquo;est alors Cl\u00e9ment Champoussin (Chamb\u00e9ry Cyclisme Formation) qui conduira les ambitions &hellip;<\/p>\n","protected":false},"author":15,"featured_media":0,"comment_status":"open","ping_status":"open","sticky":false,"template":"","format":"standard","meta":{"footnotes":""},"categories":[11,25,15,131,28],"tags":[],"class_list":["post-134089","post","type-post","status-publish","format-standard","hentry","category-news-niveau-2","category-news","category-route","category-tour-de-lavenir","category-course"],"_links":{"self":[{"href":"https:\/\/cyclingpro.net\/velopro\/wp-json\/wp\/v2\/posts\/134089","targetHints":{"allow":["GET"]}}],"collection":[{"href":"https:\/\/cyclingpro.net\/velopro\/wp-json\/wp\/v2\/posts"}],"about":[{"href":"https:\/\/cyclingpro.net\/velopro\/wp-json\/wp\/v2\/types\/post"}],"author":[{"embeddable":true,"href":"https:\/\/cyclingpro.net\/velopro\/wp-json\/wp\/v2\/users\/15"}],"replies":[{"embeddable":true,"href":"https:\/\/cyclingpro.net\/velopro\/wp-json\/wp\/v2\/comments?post=134089"}],"version-history":[{"count":2,"href":"https:\/\/cyclingpro.net\/velopro\/wp-json\/wp\/v2\/posts\/134089\/revisions"}],"predecessor-version":[{"id":134091,"href":"https:\/\/cyclingpro.net\/velopro\/wp-json\/wp\/v2\/posts\/134089\/revisions\/134091"}],"wp:attachment":[{"href":"https:\/\/cyclingpro.net\/velopro\/wp-json\/wp\/v2\/media?parent=134089"}],"wp:term":[{"taxonomy":"category","embeddable":true,"href":"https:\/\/cyclingpro.net\/velopro\/wp-json\/wp\/v2\/categories?post=134089"},{"taxonomy":"post_tag","embeddable":true,"href":"https:\/\/cyclingpro.net\/velopro\/wp-json\/wp\/v2\/tags?post=134089"}],"curies":[{"name":"wp","href":"https:\/\/api.w.org\/{rel}","templated":true}]}}