{"id":134072,"date":"2019-08-13T10:38:44","date_gmt":"2019-08-13T08:38:44","guid":{"rendered":"https:\/\/cyclingpro.net\/velopro\/?p=134072"},"modified":"2019-08-13T10:38:44","modified_gmt":"2019-08-13T08:38:44","slug":"le-jeune-allemand-juri-hollmann-stagiaire-chez-katusha-alpecin","status":"publish","type":"post","link":"https:\/\/cyclingpro.net\/velopro\/news\/le-jeune-allemand-juri-hollmann-stagiaire-chez-katusha-alpecin\/","title":{"rendered":"Le jeune Allemand Juri Hollmann stagiaire chez Katusha-Alpecin"},"content":{"rendered":"<p style=\"text-align: justify;\">Katusha-Alpecin s&rsquo;est trouv\u00e9 un stagiaire de mani\u00e8re originale. L&rsquo;\u00e9quipe dirig\u00e9e par Jos\u00e9 Azevedo s&rsquo;est associ\u00e9e avec le magazine allemand RennRad pour donner sa chance \u00e0 un jeune coureur. Un jury de managers, coachs et coureurs du WorldTour a alors \u00e9t\u00e9 constitu\u00e9, d\u00e9signant le jeune Juri Hollmann \u00e0 l&rsquo;unanimit\u00e9. Le coureur allemand de 19 ans \u00e9voluera donc en stage chez Katusha-Alpecin jusqu&rsquo;\u00e0 la fin de la saison. Le pensionnaire de l&rsquo;\u00e9quipe continentale Heizomat-Rad-Net.de effectuera ses premiers pas sur le Tour d&rsquo;Allemagne.<\/p>\n<p style=\"text-align: justify;\">Ils \u00e9taient pr\u00e8s de 200 candidats pour le poste de stagiaire.\u00a0\u00ab <em>J&rsquo;ai \u00e9t\u00e9 surpris par ce concours<\/em>, expliquait Hollmann. <em>Je n&rsquo;avais jamais vu \u00e7a. J&rsquo;y ai vu une grande opportunit\u00e9 et j&rsquo;ai directement pos\u00e9 ma candidature!<\/em> \u00bb Apr\u00e8s une premi\u00e8re phase au cours de laquelle six noms &#8211; Juri Hollmann, Aaron Grosser, Patrick Haller, Miguel Heidemann, Joshua Huppertz et Richard Banusch &#8211; ont \u00e9t\u00e9 retenus, c&rsquo;est donc le jeune Hollmann qui a ralli\u00e9 l&rsquo;unanimit\u00e9 des suffrages de la seconde.<\/p>\n<p style=\"text-align: justify;\">\u00ab <em>Juri a tous les pr\u00e9requis pour faire le saut dans le monde professionnel. Il a suivi un bon cursus scolaire et est pass\u00e9 par l&rsquo;arm\u00e9e allemande. Il y a appris le respect de la hi\u00e9rarchie, en plus d&rsquo;un passif sur route, piste et m\u00eame en cyclo-cross<\/em>, d\u00e9taillait Erik Zabel. <em>Juri a connu de bons r\u00e9sultats lors d&rsquo;\u00e9v\u00e9nements majeurs dans sa cat\u00e9gorie d&rsquo;\u00e2ge. En plus, son caract\u00e8re nous convient parfaitement. Tout cela a confirm\u00e9 notre d\u00e9cision de l&rsquo;engager<\/em>.\u00a0 \u00bb<\/p>\n<p>&nbsp;<\/p>\n","protected":false},"excerpt":{"rendered":"<p>Katusha-Alpecin s&rsquo;est trouv\u00e9 un stagiaire de mani\u00e8re originale. L&rsquo;\u00e9quipe dirig\u00e9e par Jos\u00e9 Azevedo s&rsquo;est associ\u00e9e avec le magazine allemand RennRad pour donner sa chance \u00e0 un jeune coureur. Un jury de managers, coachs et coureurs du WorldTour a alors \u00e9t\u00e9 constitu\u00e9, d\u00e9signant le jeune Juri Hollmann \u00e0 l&rsquo;unanimit\u00e9. Le coureur allemand de 19 ans \u00e9voluera &hellip;<\/p>\n","protected":false},"author":15,"featured_media":134073,"comment_status":"open","ping_status":"open","sticky":false,"template":"","format":"standard","meta":{"footnotes":""},"categories":[11,25,15],"tags":[],"class_list":["post-134072","post","type-post","status-publish","format-standard","has-post-thumbnail","hentry","category-news-niveau-2","category-news","category-route"],"_links":{"self":[{"href":"https:\/\/cyclingpro.net\/velopro\/wp-json\/wp\/v2\/posts\/134072","targetHints":{"allow":["GET"]}}],"collection":[{"href":"https:\/\/cyclingpro.net\/velopro\/wp-json\/wp\/v2\/posts"}],"about":[{"href":"https:\/\/cyclingpro.net\/velopro\/wp-json\/wp\/v2\/types\/post"}],"author":[{"embeddable":true,"href":"https:\/\/cyclingpro.net\/velopro\/wp-json\/wp\/v2\/users\/15"}],"replies":[{"embeddable":true,"href":"https:\/\/cyclingpro.net\/velopro\/wp-json\/wp\/v2\/comments?post=134072"}],"version-history":[{"count":3,"href":"https:\/\/cyclingpro.net\/velopro\/wp-json\/wp\/v2\/posts\/134072\/revisions"}],"predecessor-version":[{"id":134077,"href":"https:\/\/cyclingpro.net\/velopro\/wp-json\/wp\/v2\/posts\/134072\/revisions\/134077"}],"wp:featuredmedia":[{"embeddable":true,"href":"https:\/\/cyclingpro.net\/velopro\/wp-json\/wp\/v2\/media\/134073"}],"wp:attachment":[{"href":"https:\/\/cyclingpro.net\/velopro\/wp-json\/wp\/v2\/media?parent=134072"}],"wp:term":[{"taxonomy":"category","embeddable":true,"href":"https:\/\/cyclingpro.net\/velopro\/wp-json\/wp\/v2\/categories?post=134072"},{"taxonomy":"post_tag","embeddable":true,"href":"https:\/\/cyclingpro.net\/velopro\/wp-json\/wp\/v2\/tags?post=134072"}],"curies":[{"name":"wp","href":"https:\/\/api.w.org\/{rel}","templated":true}]}}