{"id":133826,"date":"2019-08-10T11:44:29","date_gmt":"2019-08-10T09:44:29","guid":{"rendered":"https:\/\/cyclingpro.net\/velopro\/?p=133826"},"modified":"2019-08-10T11:44:29","modified_gmt":"2019-08-10T09:44:29","slug":"neuvieme-a-domicile-rafal-majka-tire-un-bon-bilan-du-tour-de-pologne","status":"publish","type":"post","link":"https:\/\/cyclingpro.net\/velopro\/course\/tour-de-pologne\/neuvieme-a-domicile-rafal-majka-tire-un-bon-bilan-du-tour-de-pologne\/","title":{"rendered":"Neuvi\u00e8me \u00e0 domicile, Rafal Majka tire un bon bilan du Tour de Pologne"},"content":{"rendered":"<p style=\"text-align: justify;\">Cinq ans apr\u00e8s son sacre sur le Tour de Pologne, et deux ans apr\u00e8s sa derni\u00e8re participation (2e du g\u00e9n\u00e9ral), Rafal Majka avait bien l&rsquo;intention de rejouer les premiers r\u00f4les devant son public et sur ses terres. Il en aura finalement manqu\u00e9 un peu au coureur de la Bora-hansgrohe pour d\u00e9crocher un r\u00e9sultat tr\u00e8s probant. Cette fois-ci, il n&rsquo;en en effet pu monter sur le podium final, se contentant du podium de \u00ab\u00a0meilleur Polonais\u00a0\u00bb gr\u00e2ce \u00e0 sa neuvi\u00e8me place au g\u00e9n\u00e9ral. Le coureur de 29 ans a pourtant tent\u00e9 son va-tout dans l&rsquo;ultime \u00e9tape, \u00e0 Bukowina, en lan\u00e7ant les hostilit\u00e9s \u00e0 une quarantaine de kilom\u00e8tres du but. Toutefois, le final de l&rsquo;\u00e9tape n&rsquo;a pas permis aux favoris de se d\u00e9partager. Rafal Majka n&rsquo;a donc pas boug\u00e9 de la neuvi\u00e8me place du g\u00e9n\u00e9ral qu&rsquo;il occupait d\u00e9j\u00e0 apr\u00e8s l&rsquo;\u00e9tape reine de la veille. Son co\u00e9quipier Davide Formolo termine pour sa part deux rangs devant lui.<\/p>\n<p style=\"text-align: justify;\"><em>\u00ab\u00a0L\u2019\u00e9tape d\u2019aujourd\u2019hui (hier) \u00e9tait tr\u00e8s dure, comme chaque ann\u00e9e, et la m\u00e9t\u00e9o a \u00e9galement jou\u00e9 sa part,<\/em> a comment\u00e9 Majka. <em>Le final \u00e9tait particuli\u00e8rement difficile, avec de nombreuses attaques. Davide et Pawe\u0142 ont d&rsquo;ailleurs beaucoup essay\u00e9. Nous ferons tous les trois la Vuelta, c&rsquo;\u00e9tait la pr\u00e9paration parfaite pour nous et je pense pouvoir \u00eatre satisfait de ma 9\u00e8me place au g\u00e9n\u00e9ral. Collectivement, nous avons \u00e9galement remport\u00e9 deux victoires d&rsquo;\u00e9tape et port\u00e9 le maillot jaune pendant cinq jours. C&rsquo;est s\u00fbr, on en veut toujours plus, mais c&rsquo;est le v\u00e9lo. Pour moi personnellement, \u00eatre r\u00e9compens\u00e9 en tant que meilleur coureur polonais, c&rsquo;est la cerise sur le g\u00e2teau sur ce Tour de Pologne. L&rsquo;\u00e9quipe a parfaitement travaill\u00e9 tous les jours, et m\u00eame dans les moments difficiles, nous sommes rest\u00e9s solidaires\u00a0\u00bb.\u00a0<\/em><\/p>\n","protected":false},"excerpt":{"rendered":"<p>Cinq ans apr\u00e8s son sacre sur le Tour de Pologne, et deux ans apr\u00e8s sa derni\u00e8re participation (2e du g\u00e9n\u00e9ral), Rafal Majka avait bien l&rsquo;intention de rejouer les premiers r\u00f4les devant son public et sur ses terres. Il en aura finalement manqu\u00e9 un peu au coureur de la Bora-hansgrohe pour d\u00e9crocher un r\u00e9sultat tr\u00e8s probant. &hellip;<\/p>\n","protected":false},"author":5,"featured_media":133827,"comment_status":"open","ping_status":"open","sticky":false,"template":"","format":"standard","meta":{"footnotes":""},"categories":[11,15,133],"tags":[],"class_list":["post-133826","post","type-post","status-publish","format-standard","has-post-thumbnail","hentry","category-news-niveau-2","category-route","category-tour-de-pologne"],"_links":{"self":[{"href":"https:\/\/cyclingpro.net\/velopro\/wp-json\/wp\/v2\/posts\/133826","targetHints":{"allow":["GET"]}}],"collection":[{"href":"https:\/\/cyclingpro.net\/velopro\/wp-json\/wp\/v2\/posts"}],"about":[{"href":"https:\/\/cyclingpro.net\/velopro\/wp-json\/wp\/v2\/types\/post"}],"author":[{"embeddable":true,"href":"https:\/\/cyclingpro.net\/velopro\/wp-json\/wp\/v2\/users\/5"}],"replies":[{"embeddable":true,"href":"https:\/\/cyclingpro.net\/velopro\/wp-json\/wp\/v2\/comments?post=133826"}],"version-history":[{"count":1,"href":"https:\/\/cyclingpro.net\/velopro\/wp-json\/wp\/v2\/posts\/133826\/revisions"}],"predecessor-version":[{"id":133828,"href":"https:\/\/cyclingpro.net\/velopro\/wp-json\/wp\/v2\/posts\/133826\/revisions\/133828"}],"wp:featuredmedia":[{"embeddable":true,"href":"https:\/\/cyclingpro.net\/velopro\/wp-json\/wp\/v2\/media\/133827"}],"wp:attachment":[{"href":"https:\/\/cyclingpro.net\/velopro\/wp-json\/wp\/v2\/media?parent=133826"}],"wp:term":[{"taxonomy":"category","embeddable":true,"href":"https:\/\/cyclingpro.net\/velopro\/wp-json\/wp\/v2\/categories?post=133826"},{"taxonomy":"post_tag","embeddable":true,"href":"https:\/\/cyclingpro.net\/velopro\/wp-json\/wp\/v2\/tags?post=133826"}],"curies":[{"name":"wp","href":"https:\/\/api.w.org\/{rel}","templated":true}]}}