{"id":133438,"date":"2019-08-08T16:45:45","date_gmt":"2019-08-08T14:45:45","guid":{"rendered":"https:\/\/cyclingpro.net\/velopro\/?p=133438"},"modified":"2019-08-08T16:49:25","modified_gmt":"2019-08-08T14:49:25","slug":"iljo-keisse-et-deceuninck-quick-step-poursuivent-laventure","status":"publish","type":"post","link":"https:\/\/cyclingpro.net\/velopro\/mercato\/iljo-keisse-et-deceuninck-quick-step-poursuivent-laventure\/","title":{"rendered":"Iljo Keisse et Deceuninck-Quick Step poursuivent l&rsquo;aventure"},"content":{"rendered":"<p style=\"text-align: justify;\">Iljo Keisse prolonge d&rsquo;une saison chez Deceuninck-Quick Step. Le coureur belge de 35 ans passera donc, en 2020, sa onzi\u00e8me ann\u00e9e sous les ordres de Patrick Lef\u00e9v\u00e8re. Apr\u00e8s un d\u00e9but de saison difficile et son exclusion du Tour de San Juan pour un geste d\u00e9plac\u00e9 envers une h\u00f4tesse, l&rsquo;exp\u00e9riment\u00e9 rouleur peut donc se satisfaire de rester dans \u00ab <em>sa famille<\/em> \u00bb. Il continuera de mettre son v\u00e9cu au service du groupe b\u00e2ti pour les classiques.<\/p>\n<h6><strong><a href=\"https:\/\/cyclingpro.net\/velopro\/mercato\/trek-segafredo-officialise-larrivee-de-vincenzo-nibali-pour-deux-saisons\/\">Lire aussi &gt; Trek-Segafredo officialise l\u2019arriv\u00e9e de Vincenzo Nibali pour deux saisons<\/a><\/strong><\/h6>\n<p style=\"text-align: justify;\">\u00ab <em>Je suis tr\u00e8s heureux de prolonger, je suis ici depuis si longtemps&#8230; J&rsquo;ai toujours pris plaisir dans mon r\u00f4le d&rsquo;aider les gars \u00e0 remporter tous ces inoubliables succ\u00e8s<\/em> \u00bb, se satisfaisait le natif de Gand.\u00a0\u00ab <em>Iljo est un coureur tr\u00e8s important pour nous<\/em>, embrayait le manager g\u00e9n\u00e9ral. <em>Ceux qui ne suivent pas vraiment le cyclisme ne connaissent pas forc\u00e9ment son nom, car il n&rsquo;est pas celui qui l\u00e8ve les bras. Mais le travail qu&rsquo;il fait pour l&rsquo;\u00e9quipe est inestimable. Avec une \u00e9quipe aussi jeune, il est crucial d&rsquo;avoir un ou deux coureurs exp\u00e9riment\u00e9s comme Iljo, pour leur servir de guide.<\/em> \u00bb<\/p>\n","protected":false},"excerpt":{"rendered":"<p>Iljo Keisse prolonge d&rsquo;une saison chez Deceuninck-Quick Step. Le coureur belge de 35 ans passera donc, en 2020, sa onzi\u00e8me ann\u00e9e sous les ordres de Patrick Lef\u00e9v\u00e8re. Apr\u00e8s un d\u00e9but de saison difficile et son exclusion du Tour de San Juan pour un geste d\u00e9plac\u00e9 envers une h\u00f4tesse, l&rsquo;exp\u00e9riment\u00e9 rouleur peut donc se satisfaire de &hellip;<\/p>\n","protected":false},"author":15,"featured_media":113416,"comment_status":"open","ping_status":"open","sticky":false,"template":"","format":"standard","meta":{"footnotes":""},"categories":[11,25,15,10],"tags":[],"class_list":["post-133438","post","type-post","status-publish","format-standard","has-post-thumbnail","hentry","category-news-niveau-2","category-news","category-route","category-mercato"],"_links":{"self":[{"href":"https:\/\/cyclingpro.net\/velopro\/wp-json\/wp\/v2\/posts\/133438","targetHints":{"allow":["GET"]}}],"collection":[{"href":"https:\/\/cyclingpro.net\/velopro\/wp-json\/wp\/v2\/posts"}],"about":[{"href":"https:\/\/cyclingpro.net\/velopro\/wp-json\/wp\/v2\/types\/post"}],"author":[{"embeddable":true,"href":"https:\/\/cyclingpro.net\/velopro\/wp-json\/wp\/v2\/users\/15"}],"replies":[{"embeddable":true,"href":"https:\/\/cyclingpro.net\/velopro\/wp-json\/wp\/v2\/comments?post=133438"}],"version-history":[{"count":3,"href":"https:\/\/cyclingpro.net\/velopro\/wp-json\/wp\/v2\/posts\/133438\/revisions"}],"predecessor-version":[{"id":133442,"href":"https:\/\/cyclingpro.net\/velopro\/wp-json\/wp\/v2\/posts\/133438\/revisions\/133442"}],"wp:featuredmedia":[{"embeddable":true,"href":"https:\/\/cyclingpro.net\/velopro\/wp-json\/wp\/v2\/media\/113416"}],"wp:attachment":[{"href":"https:\/\/cyclingpro.net\/velopro\/wp-json\/wp\/v2\/media?parent=133438"}],"wp:term":[{"taxonomy":"category","embeddable":true,"href":"https:\/\/cyclingpro.net\/velopro\/wp-json\/wp\/v2\/categories?post=133438"},{"taxonomy":"post_tag","embeddable":true,"href":"https:\/\/cyclingpro.net\/velopro\/wp-json\/wp\/v2\/tags?post=133438"}],"curies":[{"name":"wp","href":"https:\/\/api.w.org\/{rel}","templated":true}]}}