{"id":133332,"date":"2019-08-08T14:32:15","date_gmt":"2019-08-08T12:32:15","guid":{"rendered":"https:\/\/cyclingpro.net\/velopro\/?p=133332"},"modified":"2019-08-08T14:32:15","modified_gmt":"2019-08-08T12:32:15","slug":"binckbank-tour-astana-sannonce-autour-de-davide-ballerini","status":"publish","type":"post","link":"https:\/\/cyclingpro.net\/velopro\/course\/binckbanktour\/binckbank-tour-astana-sannonce-autour-de-davide-ballerini\/","title":{"rendered":"BinckBank Tour : Astana s&rsquo;annonce autour de Davide Ballerini"},"content":{"rendered":"<p style=\"text-align: justify;\">Astana a d\u00e9voil\u00e9 le nom des sept coureurs qui d\u00e9fendront ses couleurs, du 12 au 18 ao\u00fbt sur les routes du BinckBank Tour. Davide Ballerini en sera le leader pour sa premi\u00e8re participation \u00e0 l&rsquo;\u00e9preuve. L&rsquo;Italien, vainqueur de la course en ligne des Jeux Europ\u00e9ens, pourra compter sur l&rsquo;exp\u00e9rience de Laurens De Vreese, qui est un habitu\u00e9 de l&rsquo;\u00e9preuve. Manuele Boaro dispose aussi de qualit\u00e9s de rouleur int\u00e9ressantes pour une telle \u00e9preuve. La s\u00e9lection est compl\u00e9t\u00e9e par quatre Kazakhs avec l&rsquo;exp\u00e9riment\u00e9 Dmitriy Gruzdev, le champion d&rsquo;Asie Yevgeniy Gidich, Artyom Zakharov et Zhandos Bizhigitov.<\/p>\n<blockquote class=\"twitter-tweet\">\n<p dir=\"ltr\" lang=\"und\">Our team for <a href=\"https:\/\/twitter.com\/BinckBankTour?ref_src=twsrc%5Etfw\">@BinckBankTour<\/a>:<a href=\"https:\/\/twitter.com\/ballero_94?ref_src=twsrc%5Etfw\">@ballero_94<\/a><br \/>\nZhandos Bizhigitov<a href=\"https:\/\/twitter.com\/BoaroManuele?ref_src=twsrc%5Etfw\">@BoaroManuele<\/a> <a href=\"https:\/\/twitter.com\/LaurensDeVreese?ref_src=twsrc%5Etfw\">@LaurensDeVreese<\/a><br \/>\nYevgeniy Gidich<br \/>\nDmitriy Gruzdev<br \/>\nArtyom Zakharov<a href=\"https:\/\/twitter.com\/hashtag\/BinckBankTour?src=hash&amp;ref_src=twsrc%5Etfw\">#BinckBankTour<\/a><a href=\"https:\/\/twitter.com\/hashtag\/AstanaProTeam?src=hash&amp;ref_src=twsrc%5Etfw\">#AstanaProTeam<\/a><a href=\"https:\/\/twitter.com\/hashtag\/AlgaAstana?src=hash&amp;ref_src=twsrc%5Etfw\">#AlgaAstana<\/a> <a href=\"https:\/\/t.co\/bBsyrsYEvP\">pic.twitter.com\/bBsyrsYEvP<\/a><\/p>\n<p>\u2014 Astana Pro Team (@AstanaTeam) <a href=\"https:\/\/twitter.com\/AstanaTeam\/status\/1159398763393421312?ref_src=twsrc%5Etfw\">August 8, 2019<\/a><\/p><\/blockquote>\n<p><script async src=\"https:\/\/platform.twitter.com\/widgets.js\" charset=\"utf-8\"><\/script><\/p>\n","protected":false},"excerpt":{"rendered":"<p>Astana a d\u00e9voil\u00e9 le nom des sept coureurs qui d\u00e9fendront ses couleurs, du 12 au 18 ao\u00fbt sur les routes du BinckBank Tour. Davide Ballerini en sera le leader pour sa premi\u00e8re participation \u00e0 l&rsquo;\u00e9preuve. L&rsquo;Italien, vainqueur de la course en ligne des Jeux Europ\u00e9ens, pourra compter sur l&rsquo;exp\u00e9rience de Laurens De Vreese, qui est &hellip;<\/p>\n","protected":false},"author":15,"featured_media":110979,"comment_status":"open","ping_status":"open","sticky":false,"template":"","format":"standard","meta":{"footnotes":""},"categories":[11,147,26,25,15,19,28],"tags":[],"class_list":["post-133332","post","type-post","status-publish","format-standard","has-post-thumbnail","hentry","category-news-niveau-2","category-binckbanktour","category-compositions","category-news","category-route","category-worldtour","category-course"],"_links":{"self":[{"href":"https:\/\/cyclingpro.net\/velopro\/wp-json\/wp\/v2\/posts\/133332","targetHints":{"allow":["GET"]}}],"collection":[{"href":"https:\/\/cyclingpro.net\/velopro\/wp-json\/wp\/v2\/posts"}],"about":[{"href":"https:\/\/cyclingpro.net\/velopro\/wp-json\/wp\/v2\/types\/post"}],"author":[{"embeddable":true,"href":"https:\/\/cyclingpro.net\/velopro\/wp-json\/wp\/v2\/users\/15"}],"replies":[{"embeddable":true,"href":"https:\/\/cyclingpro.net\/velopro\/wp-json\/wp\/v2\/comments?post=133332"}],"version-history":[{"count":4,"href":"https:\/\/cyclingpro.net\/velopro\/wp-json\/wp\/v2\/posts\/133332\/revisions"}],"predecessor-version":[{"id":133346,"href":"https:\/\/cyclingpro.net\/velopro\/wp-json\/wp\/v2\/posts\/133332\/revisions\/133346"}],"wp:featuredmedia":[{"embeddable":true,"href":"https:\/\/cyclingpro.net\/velopro\/wp-json\/wp\/v2\/media\/110979"}],"wp:attachment":[{"href":"https:\/\/cyclingpro.net\/velopro\/wp-json\/wp\/v2\/media?parent=133332"}],"wp:term":[{"taxonomy":"category","embeddable":true,"href":"https:\/\/cyclingpro.net\/velopro\/wp-json\/wp\/v2\/categories?post=133332"},{"taxonomy":"post_tag","embeddable":true,"href":"https:\/\/cyclingpro.net\/velopro\/wp-json\/wp\/v2\/tags?post=133332"}],"curies":[{"name":"wp","href":"https:\/\/api.w.org\/{rel}","templated":true}]}}