{"id":133265,"date":"2019-08-07T19:19:02","date_gmt":"2019-08-07T17:19:02","guid":{"rendered":"https:\/\/cyclingpro.net\/velopro\/?p=133265"},"modified":"2019-08-07T19:19:02","modified_gmt":"2019-08-07T17:19:02","slug":"le-docteur-de-la-lotto-soudal-eclaircit-les-raisons-du-deces-de-bjorg-lambrecht","status":"publish","type":"post","link":"https:\/\/cyclingpro.net\/velopro\/news\/le-docteur-de-la-lotto-soudal-eclaircit-les-raisons-du-deces-de-bjorg-lambrecht\/","title":{"rendered":"Le docteur de la Lotto-Soudal \u00e9claircit les raisons du d\u00e9c\u00e8s de Bjorg Lambrecht"},"content":{"rendered":"<p style=\"text-align: justify;\">On en sait ce mercredi soir un peu plus sur les blessures qui ont conduit au d\u00e9c\u00e8s tragique de Bjorg Lambrecht, ce lundi 5 ao\u00fbt 2019. Le m\u00e9decin de l&rsquo;\u00e9quipe Lotto-Soudal,\u00a0Maarten Meirhaeghe, a \u00e9t\u00e9 en mesure de d\u00e9livrer une explication claire des causes m\u00e9dicales ayant entra\u00een\u00e9 la mort du jeune homme de 22 ans :\u00a0<em>\u00ab Bjorg est d\u00e9c\u00e9d\u00e9 \u00e0 cause d&rsquo;une importante lac\u00e9ration du foie qui a provoqu\u00e9 une h\u00e9morragie interne massive. Par cons\u00e9quent, Bjorg a subi un arr\u00eat cardiaque. Il a eu la plus grande malchance qu&rsquo;il \u00e9tait possible d&rsquo;avoir avec ce type de chute. Avec de telles h\u00e9morragies internes, un miracle est n\u00e9cessaire, et ce miracle ne s&rsquo;est pas produit. Le lieu et l\u2019heure n\u2019ont pas influ\u00e9 sur les cons\u00e9quences finales. M\u00eame si cela se produisait \u00e0 l&rsquo;int\u00e9rieur d&rsquo;un h\u00f4pital, les chances d\u2019une issue d\u00e9favorable sont r\u00e9elles avec ce genre de traumatisme. \u00bb<\/em><\/p>\n","protected":false},"excerpt":{"rendered":"<p>On en sait ce mercredi soir un peu plus sur les blessures qui ont conduit au d\u00e9c\u00e8s tragique de Bjorg Lambrecht, ce lundi 5 ao\u00fbt 2019. Le m\u00e9decin de l&rsquo;\u00e9quipe Lotto-Soudal,\u00a0Maarten Meirhaeghe, a \u00e9t\u00e9 en mesure de d\u00e9livrer une explication claire des causes m\u00e9dicales ayant entra\u00een\u00e9 la mort du jeune homme de 22 ans :\u00a0\u00ab &hellip;<\/p>\n","protected":false},"author":5,"featured_media":132959,"comment_status":"open","ping_status":"open","sticky":false,"template":"","format":"standard","meta":{"footnotes":""},"categories":[11,25,15],"tags":[],"class_list":["post-133265","post","type-post","status-publish","format-standard","has-post-thumbnail","hentry","category-news-niveau-2","category-news","category-route"],"_links":{"self":[{"href":"https:\/\/cyclingpro.net\/velopro\/wp-json\/wp\/v2\/posts\/133265","targetHints":{"allow":["GET"]}}],"collection":[{"href":"https:\/\/cyclingpro.net\/velopro\/wp-json\/wp\/v2\/posts"}],"about":[{"href":"https:\/\/cyclingpro.net\/velopro\/wp-json\/wp\/v2\/types\/post"}],"author":[{"embeddable":true,"href":"https:\/\/cyclingpro.net\/velopro\/wp-json\/wp\/v2\/users\/5"}],"replies":[{"embeddable":true,"href":"https:\/\/cyclingpro.net\/velopro\/wp-json\/wp\/v2\/comments?post=133265"}],"version-history":[{"count":1,"href":"https:\/\/cyclingpro.net\/velopro\/wp-json\/wp\/v2\/posts\/133265\/revisions"}],"predecessor-version":[{"id":133266,"href":"https:\/\/cyclingpro.net\/velopro\/wp-json\/wp\/v2\/posts\/133265\/revisions\/133266"}],"wp:featuredmedia":[{"embeddable":true,"href":"https:\/\/cyclingpro.net\/velopro\/wp-json\/wp\/v2\/media\/132959"}],"wp:attachment":[{"href":"https:\/\/cyclingpro.net\/velopro\/wp-json\/wp\/v2\/media?parent=133265"}],"wp:term":[{"taxonomy":"category","embeddable":true,"href":"https:\/\/cyclingpro.net\/velopro\/wp-json\/wp\/v2\/categories?post=133265"},{"taxonomy":"post_tag","embeddable":true,"href":"https:\/\/cyclingpro.net\/velopro\/wp-json\/wp\/v2\/tags?post=133265"}],"curies":[{"name":"wp","href":"https:\/\/api.w.org\/{rel}","templated":true}]}}