{"id":133025,"date":"2019-08-06T13:33:41","date_gmt":"2019-08-06T11:33:41","guid":{"rendered":"https:\/\/cyclingpro.net\/velopro\/?p=133025"},"modified":"2019-08-06T13:33:41","modified_gmt":"2019-08-06T11:33:41","slug":"clement-chevrier-tout-ce-quon-fait-perd-tout-son-sens","status":"publish","type":"post","link":"https:\/\/cyclingpro.net\/velopro\/course\/tour-de-pologne\/clement-chevrier-tout-ce-quon-fait-perd-tout-son-sens\/","title":{"rendered":"Cl\u00e9ment Chevrier : \u00ab Tout ce qu&rsquo;on fait perd tout son sens \u00bb"},"content":{"rendered":"<p style=\"text-align: justify;\">Cl\u00e9ment Chevrier a accept\u00e9 de r\u00e9agir <a href=\"https:\/\/cyclingpro.net\/velopro\/course\/tour-de-pologne\/bjorg-lambrecht-est-mort\/\">au d\u00e9c\u00e8s tragique de <span style=\"text-decoration: underline;\">Bjorg Lambrecht survenu<\/span><\/a> la veille, lors de la troisi\u00e8me \u00e9tape du Tour de Pologne. Dans l&rsquo;aire de d\u00e9part de cette journ\u00e9e neutralis\u00e9e en hommage au coureur belge de 22 ans, le repr\u00e9sentant d&rsquo;AG2R-La Mondiale \u00e9tait particuli\u00e8rement touch\u00e9. La voix tr\u00e8s pos\u00e9e et les yeux cach\u00e9s derri\u00e8re une imposante paire de lunettes de soleil, il est revenu sur les circonstances de la chute survenue au km48, les dangers du sport cycliste et surtout l&rsquo;aspect d\u00e9risoire de la course face \u00e0 une telle situation.<\/p>\n<h6><strong><a href=\"https:\/\/cyclingpro.net\/velopro\/course\/tour-de-pologne\/le-monde-du-cyclisme-pleure-bjorg-lambrecht\/\">Le monde du cyclisme pleure Bjorg Lambrecht<\/a><\/strong><\/h6>\n<p style=\"text-align: justify;\">\u00ab <em>C&rsquo;\u00e9tait d\u00e9j\u00e0 le gros coup dur hier quand on est mont\u00e9s dans le but. L&rsquo;adr\u00e9naline de la course redescend, et on ne comprend pas trop. On a vu que \u00e7a c&rsquo;\u00e9tait pass\u00e9 en course, une chute plus que banale, qui ne semblait pr\u00e9senter aucun risque. On s&rsquo;est un peu demand\u00e9s pourquoi&#8230; Ce matin, c&rsquo;\u00e9tait pareil. C&rsquo;est toujours difficile de se dire qu&rsquo;en se levant le matin pour faire quelque chose qu&rsquo;on aime on peut perdre la vie<\/em>, d\u00e9plorait Chevrier \u00e0 notre micro avant d&rsquo;\u00e9voquer les circonstances du drame. <em>On roulait sur la file de gauche au tempo, on discutait deux par deux. On a l&rsquo;impression qu&rsquo;il s&rsquo;est laiss\u00e9 partir dans le foss\u00e9, sans comprendre s&rsquo;il avait touch\u00e9 une roue, perdu le contr\u00f4le du v\u00e9lo ou si lui-m\u00eame avait perdu connaissance sur le v\u00e9lo. C&rsquo;est tout ce qu&rsquo;on a vu.<\/em> \u00bb<\/p>\n<h6><strong><a href=\"https:\/\/cyclingpro.net\/velopro\/course\/tour-de-pologne\/pascal-ackermann-le-resultat-de-la-course-na-aucune-importance\/\">Pascal Ackermann : \u00ab Le r\u00e9sultat de la course n\u2019a aucune importance \u00bb<\/a><\/strong><\/h6>\n<p style=\"text-align: justify;\">D\u00e8s mercredi, la course reprendra ses droits avec les risques qui vont avec. Chevrier \u00e9voquait cette situation si particuli\u00e8re. \u00ab <em>Avec l&rsquo;\u00e2ge on y pense de plus en plus. Des fois il y a des risques vraiment inconsid\u00e9r\u00e9s. \u00c7a passe souvent tr\u00e8s bien et parfois \u00e7a se passe beaucoup plus mal, \u00e7a fait vraiment cogiter. Il n&rsquo;y a pas beaucoup de m\u00e9tier ou on part sans savoir comment on va rentrer. Personnellement, je trouve que tout ce qu&rsquo;on fait perd tout son sens actuellement. Tout \u00e7a ne vaut pas de perdre la vie. C&rsquo;est clair qu&rsquo;on a plus envie d&rsquo;aller frotter, de prendre des risques inconsid\u00e9r\u00e9s pour faire une place anecdotique dans le final.<\/em> \u00bb<\/p>\n<p><strong>L&rsquo;int\u00e9gralit\u00e9 de sa r\u00e9action au d\u00e9part de la quatri\u00e8me \u00e9tape :\u00a0<\/strong><\/p>\n<p><span class=\"QiaOCtn9DYdNyXAJw2T1fo76hzKRSpPjlUg8vFmLG0EIHk4uM\"><iframe loading=\"lazy\" title=\"Cl\u00e9ment Chevrier - interview au d\u00e9part - \u00e9tape 4 - Tour de Pologne 2019\" width=\"500\" height=\"281\" src=\"https:\/\/www.youtube.com\/embed\/oXUb6gURnYY?feature=oembed\" frameborder=\"0\" allow=\"accelerometer; autoplay; clipboard-write; encrypted-media; gyroscope; picture-in-picture; web-share\" referrerpolicy=\"strict-origin-when-cross-origin\" allowfullscreen><\/iframe><\/span><\/p>\n","protected":false},"excerpt":{"rendered":"<p>Cl\u00e9ment Chevrier a accept\u00e9 de r\u00e9agir au d\u00e9c\u00e8s tragique de Bjorg Lambrecht survenu la veille, lors de la troisi\u00e8me \u00e9tape du Tour de Pologne. Dans l&rsquo;aire de d\u00e9part de cette journ\u00e9e neutralis\u00e9e en hommage au coureur belge de 22 ans, le repr\u00e9sentant d&rsquo;AG2R-La Mondiale \u00e9tait particuli\u00e8rement touch\u00e9. La voix tr\u00e8s pos\u00e9e et les yeux cach\u00e9s &hellip;<\/p>\n","protected":false},"author":15,"featured_media":19353,"comment_status":"open","ping_status":"open","sticky":false,"template":"","format":"standard","meta":{"footnotes":""},"categories":[11,8,15,133,18,19,28],"tags":[],"class_list":["post-133025","post","type-post","status-publish","format-standard","has-post-thumbnail","hentry","category-news-niveau-2","category-interviews","category-route","category-tour-de-pologne","category-videos","category-worldtour","category-course"],"_links":{"self":[{"href":"https:\/\/cyclingpro.net\/velopro\/wp-json\/wp\/v2\/posts\/133025","targetHints":{"allow":["GET"]}}],"collection":[{"href":"https:\/\/cyclingpro.net\/velopro\/wp-json\/wp\/v2\/posts"}],"about":[{"href":"https:\/\/cyclingpro.net\/velopro\/wp-json\/wp\/v2\/types\/post"}],"author":[{"embeddable":true,"href":"https:\/\/cyclingpro.net\/velopro\/wp-json\/wp\/v2\/users\/15"}],"replies":[{"embeddable":true,"href":"https:\/\/cyclingpro.net\/velopro\/wp-json\/wp\/v2\/comments?post=133025"}],"version-history":[{"count":3,"href":"https:\/\/cyclingpro.net\/velopro\/wp-json\/wp\/v2\/posts\/133025\/revisions"}],"predecessor-version":[{"id":133031,"href":"https:\/\/cyclingpro.net\/velopro\/wp-json\/wp\/v2\/posts\/133025\/revisions\/133031"}],"wp:featuredmedia":[{"embeddable":true,"href":"https:\/\/cyclingpro.net\/velopro\/wp-json\/wp\/v2\/media\/19353"}],"wp:attachment":[{"href":"https:\/\/cyclingpro.net\/velopro\/wp-json\/wp\/v2\/media?parent=133025"}],"wp:term":[{"taxonomy":"category","embeddable":true,"href":"https:\/\/cyclingpro.net\/velopro\/wp-json\/wp\/v2\/categories?post=133025"},{"taxonomy":"post_tag","embeddable":true,"href":"https:\/\/cyclingpro.net\/velopro\/wp-json\/wp\/v2\/tags?post=133025"}],"curies":[{"name":"wp","href":"https:\/\/api.w.org\/{rel}","templated":true}]}}