{"id":132680,"date":"2019-08-04T16:58:52","date_gmt":"2019-08-04T14:58:52","guid":{"rendered":"https:\/\/cyclingpro.net\/velopro\/?p=132680"},"modified":"2019-08-04T16:58:52","modified_gmt":"2019-08-04T14:58:52","slug":"julian-alaphilippe-cest-lheure-dun-peu-de-vacances","status":"publish","type":"post","link":"https:\/\/cyclingpro.net\/velopro\/news-niveau-2\/julian-alaphilippe-cest-lheure-dun-peu-de-vacances\/","title":{"rendered":"Julian Alaphilippe : \u00ab C&rsquo;est l&rsquo;heure d&rsquo;un peu de vacances \u00bb"},"content":{"rendered":"<p style=\"text-align: justify;\">Un break bien m\u00e9rit\u00e9 pour Julian Alaphilippe. Ext\u00e9nu\u00e9 apr\u00e8s son excellent Tour de France, le num\u00e9ro 1 mondial n&rsquo;a pas pu d\u00e9fendre son titre sur la\u00a0Cl\u00e1sica San Sebasti\u00e1n ce samedi. A la place, il a assist\u00e9 \u00e0 <a href=\"https:\/\/cyclingpro.net\/velopro\/course\/clasica-san-sebastian\/remco-evenepoel-je-ne-peux-tout-simplement-pas-y-croire\/\">l&rsquo;av\u00e8nement de son tout jeune co\u00e9quipier <span style=\"text-decoration: underline;\">Remco Evenepoel<\/span><\/a>. Une performance qu&rsquo;il n&rsquo;a pas manqu\u00e9 de saluer sur son compte Twitter. Apr\u00e8s un d\u00e9but de saison \u00e9reintant, qui l&rsquo;a vu collectionner douze victoires, il va maintenant prendre quelques semaines de repos avant de revenir, sans doute, sur le Tour d&rsquo;Allemagne, du 29 ao\u00fbt au 1er septembre. Une course id\u00e9ale pour pr\u00e9parer les Championnats du monde, son principal objectif de la fin de saison.<\/p>\n<blockquote class=\"twitter-tweet\">\n<p dir=\"ltr\" lang=\"fr\">C&rsquo;est l&rsquo;heure d&rsquo;un peu de vacances pour moi. Merci \u00e0 tous pour le soutien. C&rsquo;est une saison encore exceptionnelle jusqu&rsquo;\u00e0 pr\u00e9sent. Heureux de voir l&rsquo;\u00e9closion d&rsquo;un talent au plus haut niveau . &#x1f64f; <a href=\"https:\/\/twitter.com\/hashtag\/TheWolfPack?src=hash&amp;ref_src=twsrc%5Etfw\">#TheWolfPack<\/a> <a href=\"https:\/\/twitter.com\/deceuninck_qst?ref_src=twsrc%5Etfw\">@deceuninck_qst<\/a> <a href=\"https:\/\/twitter.com\/hashtag\/AnotherOne?src=hash&amp;ref_src=twsrc%5Etfw\">#AnotherOne<\/a> <a href=\"https:\/\/t.co\/DIopu8ziiA\">pic.twitter.com\/DIopu8ziiA<\/a><\/p>\n<p>\u2014 Julian Alaphilippe Officiel (@alafpolak1) <a href=\"https:\/\/twitter.com\/alafpolak1\/status\/1158017181420048385?ref_src=twsrc%5Etfw\">August 4, 2019<\/a><\/p><\/blockquote>\n<p><script async src=\"https:\/\/platform.twitter.com\/widgets.js\" charset=\"utf-8\"><\/script><\/p>\n","protected":false},"excerpt":{"rendered":"<p>Un break bien m\u00e9rit\u00e9 pour Julian Alaphilippe. Ext\u00e9nu\u00e9 apr\u00e8s son excellent Tour de France, le num\u00e9ro 1 mondial n&rsquo;a pas pu d\u00e9fendre son titre sur la\u00a0Cl\u00e1sica San Sebasti\u00e1n ce samedi. A la place, il a assist\u00e9 \u00e0 l&rsquo;av\u00e8nement de son tout jeune co\u00e9quipier Remco Evenepoel. Une performance qu&rsquo;il n&rsquo;a pas manqu\u00e9 de saluer sur son &hellip;<\/p>\n","protected":false},"author":15,"featured_media":127569,"comment_status":"open","ping_status":"open","sticky":false,"template":"","format":"standard","meta":{"footnotes":""},"categories":[11,25,15],"tags":[],"class_list":["post-132680","post","type-post","status-publish","format-standard","has-post-thumbnail","hentry","category-news-niveau-2","category-news","category-route"],"_links":{"self":[{"href":"https:\/\/cyclingpro.net\/velopro\/wp-json\/wp\/v2\/posts\/132680","targetHints":{"allow":["GET"]}}],"collection":[{"href":"https:\/\/cyclingpro.net\/velopro\/wp-json\/wp\/v2\/posts"}],"about":[{"href":"https:\/\/cyclingpro.net\/velopro\/wp-json\/wp\/v2\/types\/post"}],"author":[{"embeddable":true,"href":"https:\/\/cyclingpro.net\/velopro\/wp-json\/wp\/v2\/users\/15"}],"replies":[{"embeddable":true,"href":"https:\/\/cyclingpro.net\/velopro\/wp-json\/wp\/v2\/comments?post=132680"}],"version-history":[{"count":2,"href":"https:\/\/cyclingpro.net\/velopro\/wp-json\/wp\/v2\/posts\/132680\/revisions"}],"predecessor-version":[{"id":132683,"href":"https:\/\/cyclingpro.net\/velopro\/wp-json\/wp\/v2\/posts\/132680\/revisions\/132683"}],"wp:featuredmedia":[{"embeddable":true,"href":"https:\/\/cyclingpro.net\/velopro\/wp-json\/wp\/v2\/media\/127569"}],"wp:attachment":[{"href":"https:\/\/cyclingpro.net\/velopro\/wp-json\/wp\/v2\/media?parent=132680"}],"wp:term":[{"taxonomy":"category","embeddable":true,"href":"https:\/\/cyclingpro.net\/velopro\/wp-json\/wp\/v2\/categories?post=132680"},{"taxonomy":"post_tag","embeddable":true,"href":"https:\/\/cyclingpro.net\/velopro\/wp-json\/wp\/v2\/tags?post=132680"}],"curies":[{"name":"wp","href":"https:\/\/api.w.org\/{rel}","templated":true}]}}