{"id":131783,"date":"2019-07-27T17:46:57","date_gmt":"2019-07-27T15:46:57","guid":{"rendered":"https:\/\/cyclingpro.net\/velopro\/?p=131783"},"modified":"2019-07-27T17:46:57","modified_gmt":"2019-07-27T15:46:57","slug":"le-classement-des-favoris-du-tour-egan-bernal-touche-au-but-julian-alaphilippe-quitte-le-podium","status":"publish","type":"post","link":"https:\/\/cyclingpro.net\/velopro\/course\/tour-de-france\/le-classement-des-favoris-du-tour-egan-bernal-touche-au-but-julian-alaphilippe-quitte-le-podium\/","title":{"rendered":"Le classement des favoris du Tour : Egan Bernal touche au but, Julian Alaphilippe quitte le podium"},"content":{"rendered":"<p style=\"text-align: justify;\">L&rsquo;\u00e9quipe Ineos et le maillot jaune Egan Bernal n&rsquo;ont absolument pas \u00e9t\u00e9 inqui\u00e9t\u00e9s ce samedi, sur la route de Val Thorens. La formation Jumbo-Visma a bien tent\u00e9 de grandes man\u0153uvres d\u00e8s le pied de l&rsquo;interminable ascension finale, mais c&rsquo;\u00e9tait plut\u00f4t pour d\u00e9cramponner Julian Alaphilippe que pour inqui\u00e9ter le leader de la course. Mission accomplie puisque le num\u00e9ro 1 mondial a c\u00e9d\u00e9 peu apr\u00e8s la mi-ascension. Attendu et emmen\u00e9 par son co\u00e9quipier Enric Mas, Alaphilippe recule \u00e0 la cinqui\u00e8me place du classement. Geraint Thomas se retrouve alors dauphin de Bernal, devant Steven Kruijswijk et Emamuel Buchmann. Hormis l&rsquo;entr\u00e9e de Warren Barguil dans le top 10 aux d\u00e9pens de Richie Porte, la hi\u00e9rarchie reste inchang\u00e9e ensuite. Mikel Landa demeure ainsi sixi\u00e8me, devant Rigoberto Uran, Nairo Quintana et Alejandro Valverde.<\/p>\n<p><strong>Le classement des favoris apr\u00e8s la vingti\u00e8me \u00e9tape :<\/strong><\/p>\n<table class=\"rankingTable rtable js-extend-target\" data-target=\"1825462229\">\n<tbody>\n<tr>\n<td class=\"is-alignCenter\">1<\/td>\n<td class=\"runner is-sticky\">\u00a0EGAN BERNAL<\/td>\n<td class=\"break-line\">TEAM INEOS<\/td>\n<td class=\"is-alignCenter\">79H 52\u2032 52\u201d<\/td>\n<\/tr>\n<tr>\n<td class=\"is-alignCenter\">2<\/td>\n<td class=\"runner is-sticky\">\u00a0GERAINT THOMAS<\/td>\n<td class=\"break-line\">TEAM INEOS<\/td>\n<td class=\"is-alignCenter\">+ 00H 01\u2032 11\u201d<\/td>\n<\/tr>\n<tr>\n<td class=\"is-alignCenter\">3<\/td>\n<td class=\"runner is-sticky\">\u00a0STEVEN KRUIJSWIJK<\/td>\n<td class=\"break-line\">TEAM JUMBO \u2013 VISMA<\/td>\n<td class=\"is-alignCenter\">+ 00H 01\u2032 31\u201d<\/td>\n<\/tr>\n<tr>\n<td class=\"is-alignCenter\">4<\/td>\n<td class=\"runner is-sticky\">\u00a0EMANUEL BUCHMANN<\/td>\n<td class=\"break-line\">BORA \u2013 HANSGROHE<\/td>\n<td class=\"is-alignCenter\">+ 00H 01\u2032 56\u201d<\/td>\n<\/tr>\n<tr>\n<td class=\"is-alignCenter\">5<\/td>\n<td class=\"runner is-sticky\">\u00a0JULIAN ALAPHILIPPE<\/td>\n<td class=\"break-line\">DECEUNINCK \u2013 QUICK \u2013 STEP<\/td>\n<td class=\"is-alignCenter\">+ 00H 03\u2032 45\u201d<\/td>\n<\/tr>\n<tr>\n<td class=\"is-alignCenter\">6<\/td>\n<td class=\"runner is-sticky\">\u00a0MIKEL LANDA MEANA<\/td>\n<td class=\"break-line\">MOVISTAR TEAM<\/td>\n<td class=\"is-alignCenter\">+ 00H 04\u2032 23\u201d<\/td>\n<\/tr>\n<tr>\n<td class=\"is-alignCenter\">7<\/td>\n<td class=\"runner is-sticky\">\u00a0RIGOBERTO URAN<\/td>\n<td class=\"break-line\">EF EDUCATION FIRST<\/td>\n<td class=\"is-alignCenter\">+ 00H 05\u2032 15\u201d<\/td>\n<\/tr>\n<tr>\n<td class=\"is-alignCenter\">8<\/td>\n<td class=\"runner is-sticky\">\u00a0NAIRO QUINTANA<\/td>\n<td class=\"break-line\">MOVISTAR TEAM<\/td>\n<td class=\"is-alignCenter\">+ 00H 05\u2032 30\u201d<\/td>\n<\/tr>\n<tr>\n<td class=\"is-alignCenter\">9<\/td>\n<td class=\"runner is-sticky\">\u00a0ALEJANDRO VALVERDE<\/td>\n<td class=\"break-line\">MOVISTAR TEAM<\/td>\n<td class=\"is-alignCenter\">+ 00H 06\u2032 12\u201d<\/td>\n<\/tr>\n<tr>\n<td class=\"is-alignCenter\">10<\/td>\n<td class=\"runner is-sticky\">\u00a0WARREN BARGUIL<\/td>\n<td class=\"break-line\">TEAM ARKEA \u2013 SAMSIC<\/td>\n<td class=\"is-alignCenter\">+ 00H 07\u2032 32\u201d<\/td>\n<\/tr>\n<tr class=\"\">\n<td class=\"is-alignCenter\">11<\/td>\n<td class=\"runner is-sticky\">\u00a0RICHIE PORTE<\/td>\n<td class=\"break-line\">TREK \u2013 SEGAFREDO<\/td>\n<td class=\"is-alignCenter\">+ 00H 12\u2032 05\u201d<\/td>\n<\/tr>\n<tr class=\"\">\n<td class=\"is-alignCenter\">12<\/td>\n<td class=\"runner is-sticky\">\u00a0GUILLAUME MARTIN<\/td>\n<td class=\"break-line\">WANTY \u2013 GOBERT CYCLING TEAM<\/td>\n<td class=\"is-alignCenter\">+ 00H 22\u2032 08\u201d<\/td>\n<\/tr>\n<tr class=\"\">\n<td class=\"is-alignCenter\">13<\/td>\n<td class=\"runner is-sticky\">\u00a0DAVID GAUDU<\/td>\n<td class=\"break-line\">GROUPAMA \u2013 FDJ<\/td>\n<td class=\"is-alignCenter\">+ 00H 23\u2032 29\u201d<\/td>\n<\/tr>\n<tr class=\"\">\n<td class=\"is-alignCenter\">14<\/td>\n<td class=\"runner is-sticky\">\u00a0FABIO ARU<\/td>\n<td class=\"break-line\">UAE TEAM EMIRATES<\/td>\n<td class=\"is-alignCenter\">+ 00H 27\u2032 07\u201d<\/td>\n<\/tr>\n<tr class=\"\">\n<td class=\"is-alignCenter\">15<\/td>\n<td class=\"runner is-sticky\">\u00a0ROMAIN BARDET<\/td>\n<td class=\"break-line\">AG2R LA MONDIALE<\/td>\n<td class=\"is-alignCenter\">+ 00H 29\u2032 54\u201d<\/td>\n<\/tr>\n<\/tbody>\n<\/table>\n","protected":false},"excerpt":{"rendered":"<p>L&rsquo;\u00e9quipe Ineos et le maillot jaune Egan Bernal n&rsquo;ont absolument pas \u00e9t\u00e9 inqui\u00e9t\u00e9s ce samedi, sur la route de Val Thorens. La formation Jumbo-Visma a bien tent\u00e9 de grandes man\u0153uvres d\u00e8s le pied de l&rsquo;interminable ascension finale, mais c&rsquo;\u00e9tait plut\u00f4t pour d\u00e9cramponner Julian Alaphilippe que pour inqui\u00e9ter le leader de la course. Mission accomplie puisque &hellip;<\/p>\n","protected":false},"author":15,"featured_media":131785,"comment_status":"open","ping_status":"open","sticky":false,"template":"","format":"standard","meta":{"footnotes":""},"categories":[11,14,15,39,19,28],"tags":[],"class_list":["post-131783","post","type-post","status-publish","format-standard","has-post-thumbnail","hentry","category-news-niveau-2","category-resultats","category-route","category-tour-de-france","category-worldtour","category-course"],"_links":{"self":[{"href":"https:\/\/cyclingpro.net\/velopro\/wp-json\/wp\/v2\/posts\/131783","targetHints":{"allow":["GET"]}}],"collection":[{"href":"https:\/\/cyclingpro.net\/velopro\/wp-json\/wp\/v2\/posts"}],"about":[{"href":"https:\/\/cyclingpro.net\/velopro\/wp-json\/wp\/v2\/types\/post"}],"author":[{"embeddable":true,"href":"https:\/\/cyclingpro.net\/velopro\/wp-json\/wp\/v2\/users\/15"}],"replies":[{"embeddable":true,"href":"https:\/\/cyclingpro.net\/velopro\/wp-json\/wp\/v2\/comments?post=131783"}],"version-history":[{"count":3,"href":"https:\/\/cyclingpro.net\/velopro\/wp-json\/wp\/v2\/posts\/131783\/revisions"}],"predecessor-version":[{"id":131787,"href":"https:\/\/cyclingpro.net\/velopro\/wp-json\/wp\/v2\/posts\/131783\/revisions\/131787"}],"wp:featuredmedia":[{"embeddable":true,"href":"https:\/\/cyclingpro.net\/velopro\/wp-json\/wp\/v2\/media\/131785"}],"wp:attachment":[{"href":"https:\/\/cyclingpro.net\/velopro\/wp-json\/wp\/v2\/media?parent=131783"}],"wp:term":[{"taxonomy":"category","embeddable":true,"href":"https:\/\/cyclingpro.net\/velopro\/wp-json\/wp\/v2\/categories?post=131783"},{"taxonomy":"post_tag","embeddable":true,"href":"https:\/\/cyclingpro.net\/velopro\/wp-json\/wp\/v2\/tags?post=131783"}],"curies":[{"name":"wp","href":"https:\/\/api.w.org\/{rel}","templated":true}]}}