{"id":130482,"date":"2019-07-22T10:41:55","date_gmt":"2019-07-22T08:41:55","guid":{"rendered":"https:\/\/cyclingpro.net\/velopro\/?p=130482"},"modified":"2019-07-22T10:41:55","modified_gmt":"2019-07-22T08:41:55","slug":"lagenda-de-la-semaine-du-22-au-28-juillet","status":"publish","type":"post","link":"https:\/\/cyclingpro.net\/velopro\/agenda\/lagenda-de-la-semaine-du-22-au-28-juillet\/","title":{"rendered":"L\u2019agenda de la semaine du 22 au 28 juillet"},"content":{"rendered":"<p style=\"text-align: justify;\">En m\u00eame temps que le mois de Juillet avance, c&rsquo;est le Tour de France qui touche \u00e0 sa fin. Cette semaine sera en effet la derni\u00e8re de la Grande Boucle 2019, qui s&rsquo;ach\u00e8vera dimanche \u00e0 Paris par la traditionnelle \u00e9tape des Champs-Elys\u00e9es. Mais ce n&rsquo;est pas tout. En marge de la principale course de l&rsquo;ann\u00e9e, d&rsquo;autres \u00e9preuves marquent le red\u00e9marrage de la saison europ\u00e9enne, qui entre d\u00e9sormais dans sa derni\u00e8re partie. La course italienne de l&rsquo;Adriatica Ionica Race, ainsi que le Tour de Wallonie, seront les deux principales courses par \u00e9tapes de cette semaine, en plus du Tour du Lac Qinghai qui se terminera dimanche. Enfin, le Grand Prix Cerami et la\u00a0Prueba Villafranca-Ordiziako Klasika marqueront le retour des courses d&rsquo;un jour \u00e0 partir du jeudi 25.<\/p>\n<p><strong>Lundi 22 juillet\u00a0<\/strong><\/p>\n<p>Tour de France (2.UWT) : Repos<br \/>\nTour du Lac Qinghai (2.HC) : 9\u00e8me \u00e9tape, Menyuan \u203a Minie, 160km<\/p>\n<p><strong>Mardi 23 juillet<\/strong><\/p>\n<p>Tour de France (2.UWT) : 16e \u00e9tape, N\u00eemes \u203a N\u00eemes, 177km<br \/>\nTour du Lac Qinghai (2.HC) : Repos<\/p>\n<p><strong>Mercredi 24 juillet<\/strong><\/p>\n<p>Tour de France (2.UWT) : 17e \u00e9tape, Pont du Gard \u203a Gap, 200km<br \/>\nTour du Lac Qinghai (2.HC) :\u00a0 10\u00e8me \u00e9tape,\u00a0Jingchang \u203a Wuwei, 116km<br \/>\nAdriatica Ionica Race (2.1),\u00a01\u00e8re \u00e9tape,\u00a0Mestre \u203a Mestre, 81km<\/p>\n<p><strong>Jeudi 25 juillet<\/strong><\/p>\n<p>Tour de France (2.UWT) : 18e \u00e9tape, Embrun \u203a Valloire, 208km<br \/>\nTour du Lac Qinghai (2.HC) : 11\u00e8me \u00e9tape, Minqin \u203a Tengger Desert, 153km<br \/>\nAdriatica Ionica Race (2.1),\u00a02\u00e8me \u00e9tape,\u00a0Venezia (Favaro Veneto) \u203a Grado, 189km<br \/>\nGrand Prix Cerami (1.1),\u00a0Saint-Ghislain \u203a Frameries, 209.1km<br \/>\nPrueba Villafranca-Ordiziako Klasika (1.1),<\/p>\n<p><strong>Vendredi 26 juillet<\/strong><\/p>\n<p>Tour de France (2.UWT) : 19e \u00e9tape, Saint-Jean-de-Maurienne \u203a Tignes, 126.5km<br \/>\nTour du Lac Qinghai (2.HC) : 12\u00e8me \u00e9tape, Zhongwei \u203a Zhongwei, 111km<br \/>\nAdriatica Ionica Race (2.1),\u00a03\u00e8me \u00e9tape,\u00a0Palmanova \u203a Lago di Misurina\/Tre Cime di Lavaredo, 204.6km<\/p>\n<p><strong>Samedi 27 juillet<\/strong><\/p>\n<p>Tour de France (2.UWT) : 20e \u00e9tape, Albertville \u203a Val Thorens, 130km<br \/>\nTour du Lac Qinghai (2.HC) : 13\u00e8me \u00e9tape, Yinchuan \u203a Yinchuan, 117km<br \/>\nAdriatica Ionica Race (2.1),\u00a04\u00e8me \u00e9tape,\u00a0Padola \u203a Corm\u00f2ns\/Monte Quarin, 204.5km<br \/>\nVOO-Tour de Wallonie (2.HC), 1\u00e8re \u00e9tape,\u00a0Le Roeulx \u203a Dottingnies, 186.4km<\/p>\n<p><strong>Dimanche 28 juillet<\/strong><\/p>\n<p>Tour de France (2.UWT) : 21e \u00e9tape, Rambouillet \u203a Paris, 128km<br \/>\nTour du Lac Qinghai (2.HC) : 8\u00e8me \u00e9tape,\u00a0<span class=\"red\">Xihaizhen &gt; Qingshizui<\/span>, 224km<br \/>\nAdriatica Ionica Race (2.1),\u00a05\u00e8me \u00e9tape,\u00a0Corm\u00f2ns \u203a Trieste, 133.5km<br \/>\nVOO-Tour de Wallonie (2.HC), 2\u00e8me \u00e9tape,\u00a0Waremme \u203a Beyne Heusay, 170.4km<\/p>\n","protected":false},"excerpt":{"rendered":"<p>En m\u00eame temps que le mois de Juillet avance, c&rsquo;est le Tour de France qui touche \u00e0 sa fin. Cette semaine sera en effet la derni\u00e8re de la Grande Boucle 2019, qui s&rsquo;ach\u00e8vera dimanche \u00e0 Paris par la traditionnelle \u00e9tape des Champs-Elys\u00e9es. Mais ce n&rsquo;est pas tout. En marge de la principale course de l&rsquo;ann\u00e9e, &hellip;<\/p>\n","protected":false},"author":11,"featured_media":27705,"comment_status":"open","ping_status":"open","sticky":false,"template":"","format":"standard","meta":{"footnotes":""},"categories":[27,17,2],"tags":[],"class_list":["post-130482","post","type-post","status-publish","format-standard","has-post-thumbnail","hentry","category-gros-bloc","category-une","category-agenda"],"_links":{"self":[{"href":"https:\/\/cyclingpro.net\/velopro\/wp-json\/wp\/v2\/posts\/130482","targetHints":{"allow":["GET"]}}],"collection":[{"href":"https:\/\/cyclingpro.net\/velopro\/wp-json\/wp\/v2\/posts"}],"about":[{"href":"https:\/\/cyclingpro.net\/velopro\/wp-json\/wp\/v2\/types\/post"}],"author":[{"embeddable":true,"href":"https:\/\/cyclingpro.net\/velopro\/wp-json\/wp\/v2\/users\/11"}],"replies":[{"embeddable":true,"href":"https:\/\/cyclingpro.net\/velopro\/wp-json\/wp\/v2\/comments?post=130482"}],"version-history":[{"count":1,"href":"https:\/\/cyclingpro.net\/velopro\/wp-json\/wp\/v2\/posts\/130482\/revisions"}],"predecessor-version":[{"id":130483,"href":"https:\/\/cyclingpro.net\/velopro\/wp-json\/wp\/v2\/posts\/130482\/revisions\/130483"}],"wp:featuredmedia":[{"embeddable":true,"href":"https:\/\/cyclingpro.net\/velopro\/wp-json\/wp\/v2\/media\/27705"}],"wp:attachment":[{"href":"https:\/\/cyclingpro.net\/velopro\/wp-json\/wp\/v2\/media?parent=130482"}],"wp:term":[{"taxonomy":"category","embeddable":true,"href":"https:\/\/cyclingpro.net\/velopro\/wp-json\/wp\/v2\/categories?post=130482"},{"taxonomy":"post_tag","embeddable":true,"href":"https:\/\/cyclingpro.net\/velopro\/wp-json\/wp\/v2\/tags?post=130482"}],"curies":[{"name":"wp","href":"https:\/\/api.w.org\/{rel}","templated":true}]}}