{"id":130112,"date":"2019-07-21T10:45:30","date_gmt":"2019-07-21T08:45:30","guid":{"rendered":"https:\/\/cyclingpro.net\/velopro\/?p=130112"},"modified":"2019-07-21T10:45:46","modified_gmt":"2019-07-21T08:45:46","slug":"alejandro-valverde-nous-devons-reflechir-a-un-changement-de-leadership","status":"publish","type":"post","link":"https:\/\/cyclingpro.net\/velopro\/course\/tour-de-france\/alejandro-valverde-nous-devons-reflechir-a-un-changement-de-leadership\/","title":{"rendered":"Alejandro Valverde : \u00ab Nous devons r\u00e9fl\u00e9chir \u00e0 un changement de leadership \u00bb"},"content":{"rendered":"<p style=\"text-align: justify;\">Bilan mitig\u00e9 \u00e0 l&rsquo;arriv\u00e9e de la 14\u00e8me \u00e9tape de cette Grande Boucle pour le champion du monde Alejandro Valverde. En effet il n&rsquo;a pas \u00e9t\u00e9 capable de suivre les meilleurs hier au sommet du Tourmalet. Sa formation, l&rsquo;\u00e9quipe Movistar a souhait\u00e9 dynamiter la 14\u00e8me \u00e9tape, pour mettre dans les meilleures conditions son leader colombien Nairo Quintana. Mission qui s&rsquo;est r\u00e9v\u00e9l\u00e9e \u00eatre un \u00e9chec total puisque seul Mikel Landa a \u00e9t\u00e9 capable de suivre les favoris. Pour Alejandro Valverde, la discorde semble r\u00e9gner au sein de l&rsquo;\u00e9quipe o\u00f9 les informations ne circulent pas entre les trois leaders :<\/p>\n<p style=\"text-align: justify;\"><em>\u00ab Avec l&rsquo;\u00e9quipe on a effectu\u00e9 une belle \u00e9tape hier, on a pris les commandes pour imposer un gros rythme assez t\u00f4t. Nairo n&rsquo;avait pas de bonnes jambes, mais on ne le savait pas, il ne l&rsquo;a dit \u00e0 personne, nous devons savoir pourquoi. J&rsquo;ai souffert dans la fin de l&rsquo;ascension, j&rsquo;ai pr\u00e9f\u00e9r\u00e9 monter \u00e0 mon rythme pour ne pas exploser pour limiter les d\u00e9g\u00e2ts. Il est \u00e9vident que nous devons r\u00e9fl\u00e9chir \u00e0 un changement de leadership. Concernant les hommes forts pour le g\u00e9n\u00e9ral on voit que personne n&rsquo;arrive \u00e0 se d\u00e9gager, Alaphilippe souffrait autant que les autres, seul Pinot semble avoir davantage de facilit\u00e9s. \u00bb<\/em><\/p>\n<p style=\"text-align: justify;\">Point\u00e9 en neuvi\u00e8me position au g\u00e9n\u00e9ral, Alejandro Valverde semble cependant d\u00e9j\u00e0 hors course pour une place sur le podium se situant \u00e0 5&rsquo;27 du maillot jaune Julian Alaphilippe. Malgr\u00e9 la bonne performance de Mikel Landa, le champion du monde est jusque-l\u00e0 le mieux plac\u00e9 de sa formation au classement g\u00e9n\u00e9ral.<\/p>\n","protected":false},"excerpt":{"rendered":"<p>Bilan mitig\u00e9 \u00e0 l&rsquo;arriv\u00e9e de la 14\u00e8me \u00e9tape de cette Grande Boucle pour le champion du monde Alejandro Valverde. En effet il n&rsquo;a pas \u00e9t\u00e9 capable de suivre les meilleurs hier au sommet du Tourmalet. Sa formation, l&rsquo;\u00e9quipe Movistar a souhait\u00e9 dynamiter la 14\u00e8me \u00e9tape, pour mettre dans les meilleures conditions son leader colombien Nairo &hellip;<\/p>\n","protected":false},"author":18,"featured_media":130128,"comment_status":"open","ping_status":"open","sticky":false,"template":"","format":"standard","meta":{"footnotes":""},"categories":[11,8,25,15,39,19],"tags":[],"class_list":["post-130112","post","type-post","status-publish","format-standard","has-post-thumbnail","hentry","category-news-niveau-2","category-interviews","category-news","category-route","category-tour-de-france","category-worldtour"],"_links":{"self":[{"href":"https:\/\/cyclingpro.net\/velopro\/wp-json\/wp\/v2\/posts\/130112","targetHints":{"allow":["GET"]}}],"collection":[{"href":"https:\/\/cyclingpro.net\/velopro\/wp-json\/wp\/v2\/posts"}],"about":[{"href":"https:\/\/cyclingpro.net\/velopro\/wp-json\/wp\/v2\/types\/post"}],"author":[{"embeddable":true,"href":"https:\/\/cyclingpro.net\/velopro\/wp-json\/wp\/v2\/users\/18"}],"replies":[{"embeddable":true,"href":"https:\/\/cyclingpro.net\/velopro\/wp-json\/wp\/v2\/comments?post=130112"}],"version-history":[{"count":2,"href":"https:\/\/cyclingpro.net\/velopro\/wp-json\/wp\/v2\/posts\/130112\/revisions"}],"predecessor-version":[{"id":130130,"href":"https:\/\/cyclingpro.net\/velopro\/wp-json\/wp\/v2\/posts\/130112\/revisions\/130130"}],"wp:featuredmedia":[{"embeddable":true,"href":"https:\/\/cyclingpro.net\/velopro\/wp-json\/wp\/v2\/media\/130128"}],"wp:attachment":[{"href":"https:\/\/cyclingpro.net\/velopro\/wp-json\/wp\/v2\/media?parent=130112"}],"wp:term":[{"taxonomy":"category","embeddable":true,"href":"https:\/\/cyclingpro.net\/velopro\/wp-json\/wp\/v2\/categories?post=130112"},{"taxonomy":"post_tag","embeddable":true,"href":"https:\/\/cyclingpro.net\/velopro\/wp-json\/wp\/v2\/tags?post=130112"}],"curies":[{"name":"wp","href":"https:\/\/api.w.org\/{rel}","templated":true}]}}