{"id":129664,"date":"2019-07-18T18:54:02","date_gmt":"2019-07-18T16:54:02","guid":{"rendered":"https:\/\/cyclingpro.net\/velopro\/?p=129664"},"modified":"2019-07-18T18:54:02","modified_gmt":"2019-07-18T16:54:02","slug":"julian-alaphilippe-je-vais-me-faire-le-plus-mal-possible","status":"publish","type":"post","link":"https:\/\/cyclingpro.net\/velopro\/course\/tour-de-france\/julian-alaphilippe-je-vais-me-faire-le-plus-mal-possible\/","title":{"rendered":"Julian Alaphilippe : \u00ab Je vais me faire le plus mal possible \u00bb"},"content":{"rendered":"<p style=\"text-align: justify;\">Une journ\u00e9e tranquille pour Julian Alaphilippe. Le num\u00e9ro 1 mondial a conserv\u00e9 son maillot jaune sans trop d&rsquo;efforts ce jeudi, lors de la douzi\u00e8me \u00e9tape. Malgr\u00e9 deux cols de premi\u00e8re cat\u00e9gorie plac\u00e9s en deuxi\u00e8me partie de course, les leaders attendaient visiblement le contre-la-montre de Pau. Au final, ils ont ralli\u00e9 Bagn\u00e8res-de-Bigorre \u00e0 plus de neuf minutes du vainqueur Simon Yates. \u00ab <em>\u00c7a s&rsquo;est tr\u00e8s bien pass\u00e9, on a contr\u00f4l\u00e9 encore une fois<\/em>, se satisfaisait Alaphilippe \u00e0 notre micro. <em>Les grands leaders se sont neutralis\u00e9s dans les deux derni\u00e8res difficult\u00e9s. \u00c7a arrangeait tout le monde de finir tranquillement. La grosse explication est pour demain, il y a aussi de grandes \u00e9tapes qui arrivent ensuite.<\/em>\u00a0\u00bb<\/p>\n<h6><strong><a href=\"https:\/\/cyclingpro.net\/velopro\/course\/tour-de-france\/tour-de-france-simon-yates-domine-pello-bilbao-au-bout-de-lechappee\/\">Lire aussi &gt; Tour de France : Simon Yates rentre dans le cercle, statu quo au g\u00e9n\u00e9ral<\/a><\/strong><\/h6>\n<p style=\"text-align: justify;\">Pass\u00e9e cette premi\u00e8re journ\u00e9e pyr\u00e9n\u00e9enne, Alaphilippe d\u00e9butera donc le chrono de Pau en dernier, avec le maillot jaune solidement accroch\u00e9 aux \u00e9paules. Il compte 1&rsquo;12\u00a0\u00bb d&rsquo;avance sur Geraint Thomas, son premier poursuivant et plus s\u00e9rieux rival ce vendredi. \u00ab <em>Comment je l&rsquo;imagine ? Je vais le d\u00e9couvrir&#8230; Je suis tr\u00e8s impatient, je sais que \u00e7a sera un moment sp\u00e9cial pour moi. Ce sera marqu\u00e9 dans ma carri\u00e8re<\/em>, souriait le chouchou du public. <em>En termes de r\u00e9sultat, je vais juste donner le maximum de moi-m\u00eame. Je vais me faire le plus mal possible. J&rsquo;aurai forc\u00e9ment un surplus de motivation avec le maillot jaune. Sur un parcours qui me pla\u00eet bien, j&rsquo;esp\u00e8re vraiment me faire mal!<\/em>\u00a0\u00bb<\/p>\n","protected":false},"excerpt":{"rendered":"<p>Une journ\u00e9e tranquille pour Julian Alaphilippe. Le num\u00e9ro 1 mondial a conserv\u00e9 son maillot jaune sans trop d&rsquo;efforts ce jeudi, lors de la douzi\u00e8me \u00e9tape. Malgr\u00e9 deux cols de premi\u00e8re cat\u00e9gorie plac\u00e9s en deuxi\u00e8me partie de course, les leaders attendaient visiblement le contre-la-montre de Pau. Au final, ils ont ralli\u00e9 Bagn\u00e8res-de-Bigorre \u00e0 plus de neuf &hellip;<\/p>\n","protected":false},"author":15,"featured_media":129665,"comment_status":"open","ping_status":"open","sticky":false,"template":"","format":"standard","meta":{"footnotes":""},"categories":[17,8,15,39,19,28],"tags":[],"class_list":["post-129664","post","type-post","status-publish","format-standard","has-post-thumbnail","hentry","category-une","category-interviews","category-route","category-tour-de-france","category-worldtour","category-course"],"_links":{"self":[{"href":"https:\/\/cyclingpro.net\/velopro\/wp-json\/wp\/v2\/posts\/129664","targetHints":{"allow":["GET"]}}],"collection":[{"href":"https:\/\/cyclingpro.net\/velopro\/wp-json\/wp\/v2\/posts"}],"about":[{"href":"https:\/\/cyclingpro.net\/velopro\/wp-json\/wp\/v2\/types\/post"}],"author":[{"embeddable":true,"href":"https:\/\/cyclingpro.net\/velopro\/wp-json\/wp\/v2\/users\/15"}],"replies":[{"embeddable":true,"href":"https:\/\/cyclingpro.net\/velopro\/wp-json\/wp\/v2\/comments?post=129664"}],"version-history":[{"count":2,"href":"https:\/\/cyclingpro.net\/velopro\/wp-json\/wp\/v2\/posts\/129664\/revisions"}],"predecessor-version":[{"id":129667,"href":"https:\/\/cyclingpro.net\/velopro\/wp-json\/wp\/v2\/posts\/129664\/revisions\/129667"}],"wp:featuredmedia":[{"embeddable":true,"href":"https:\/\/cyclingpro.net\/velopro\/wp-json\/wp\/v2\/media\/129665"}],"wp:attachment":[{"href":"https:\/\/cyclingpro.net\/velopro\/wp-json\/wp\/v2\/media?parent=129664"}],"wp:term":[{"taxonomy":"category","embeddable":true,"href":"https:\/\/cyclingpro.net\/velopro\/wp-json\/wp\/v2\/categories?post=129664"},{"taxonomy":"post_tag","embeddable":true,"href":"https:\/\/cyclingpro.net\/velopro\/wp-json\/wp\/v2\/tags?post=129664"}],"curies":[{"name":"wp","href":"https:\/\/api.w.org\/{rel}","templated":true}]}}