{"id":129207,"date":"2019-07-16T14:12:36","date_gmt":"2019-07-16T12:12:36","guid":{"rendered":"https:\/\/cyclingpro.net\/velopro\/?p=129207"},"modified":"2019-07-16T14:12:36","modified_gmt":"2019-07-16T12:12:36","slug":"tour-dallemagne-2019-22-equipes-au-depart-dont-15-world-tour","status":"publish","type":"post","link":"https:\/\/cyclingpro.net\/velopro\/course\/deutschland-tour\/tour-dallemagne-2019-22-equipes-au-depart-dont-15-world-tour\/","title":{"rendered":"Tour d&rsquo;Allemagne 2019 : 22 \u00e9quipes au d\u00e9part dont 15 World Tour"},"content":{"rendered":"<p>On sait d\u00e9sormais les \u00e9quipes qui participeront au prochain Tour d&rsquo;Allemagne qui se disputera du 29 ao\u00fbt au 1er septembre. On compte 15 \u00e9quipes World Tour au d\u00e9part, parmi les absentes, la Groupama FDJ ne sera pas au d\u00e9part, tout comme la formation Ib\u00e9rique Movistar et formation Belge Lotto Soudal. Ces \u00e9quipes qui n&rsquo;ont pas souhait\u00e9 s&rsquo;y d\u00e9placer feront le bonheur de 4 \u00e9quipes continentales allemandes invit\u00e9es en plus des 3 continentales pros attribu\u00e9s \u00e0\u00a0Gazprom-RusVelo , Team Ark\u00e9a \u2013 Samsic et Wanty \u2013 Gobert Cycling Team. Pour rappel ce Tour d&rsquo;Allemagne ne fait pas partie du calendrier World Tour, donc les \u00e9quipes ne sont pas oblig\u00e9es d&rsquo;y participer.<\/p>\n<p><strong>La liste des \u00e9quipes qui participeront au prochain Tour d&rsquo;Allemagne :\u00a0<\/strong><\/p>\n<p><strong>WorldTour<\/strong><br \/>\nAG2R La Mondiale (FRA), Astana Pro Team (KAZ), Bahrain \u2013 Merida (BRN), Bora \u2013 hansgrohe (ALL), CCC Team (USA), Deceuninck \u2013 Quick-Step (BEL), Education First (USA), Lotto Soudal (BEL), Team Dimension Data (AFS), Team Ineos (GBR), Team Jumbo \u2013 Visma (NED), Team Katusha Alpecin (SUI), Team Sunweb (ALL), Trek \u2013 Segafredo (USA), UAE Team Emirates (UAE)<\/p>\n<p><strong>Professional<\/strong><br \/>\nGazprom-RusVelo (RUS), Team Ark\u00e9a \u2013 Samsic (FRA), Wanty \u2013 Gobert Cycling Team (BEL)<\/p>\n<p><strong>Continental<\/strong><br \/>\nBike Aid (ALL), P&amp;S Metalltechnik (ALL), Team Dauner \u2013 Akkon (ALL), Team Lotto \u2013 Kern Haus (ALL)<\/p>\n","protected":false},"excerpt":{"rendered":"<p>On sait d\u00e9sormais les \u00e9quipes qui participeront au prochain Tour d&rsquo;Allemagne qui se disputera du 29 ao\u00fbt au 1er septembre. On compte 15 \u00e9quipes World Tour au d\u00e9part, parmi les absentes, la Groupama FDJ ne sera pas au d\u00e9part, tout comme la formation Ib\u00e9rique Movistar et formation Belge Lotto Soudal. Ces \u00e9quipes qui n&rsquo;ont pas &hellip;<\/p>\n","protected":false},"author":18,"featured_media":129208,"comment_status":"open","ping_status":"open","sticky":false,"template":"","format":"standard","meta":{"footnotes":""},"categories":[11,25,24,15,231,19],"tags":[],"class_list":["post-129207","post","type-post","status-publish","format-standard","has-post-thumbnail","hentry","category-news-niveau-2","category-news","category-presentation-course","category-route","category-deutschland-tour","category-worldtour"],"_links":{"self":[{"href":"https:\/\/cyclingpro.net\/velopro\/wp-json\/wp\/v2\/posts\/129207","targetHints":{"allow":["GET"]}}],"collection":[{"href":"https:\/\/cyclingpro.net\/velopro\/wp-json\/wp\/v2\/posts"}],"about":[{"href":"https:\/\/cyclingpro.net\/velopro\/wp-json\/wp\/v2\/types\/post"}],"author":[{"embeddable":true,"href":"https:\/\/cyclingpro.net\/velopro\/wp-json\/wp\/v2\/users\/18"}],"replies":[{"embeddable":true,"href":"https:\/\/cyclingpro.net\/velopro\/wp-json\/wp\/v2\/comments?post=129207"}],"version-history":[{"count":1,"href":"https:\/\/cyclingpro.net\/velopro\/wp-json\/wp\/v2\/posts\/129207\/revisions"}],"predecessor-version":[{"id":129209,"href":"https:\/\/cyclingpro.net\/velopro\/wp-json\/wp\/v2\/posts\/129207\/revisions\/129209"}],"wp:featuredmedia":[{"embeddable":true,"href":"https:\/\/cyclingpro.net\/velopro\/wp-json\/wp\/v2\/media\/129208"}],"wp:attachment":[{"href":"https:\/\/cyclingpro.net\/velopro\/wp-json\/wp\/v2\/media?parent=129207"}],"wp:term":[{"taxonomy":"category","embeddable":true,"href":"https:\/\/cyclingpro.net\/velopro\/wp-json\/wp\/v2\/categories?post=129207"},{"taxonomy":"post_tag","embeddable":true,"href":"https:\/\/cyclingpro.net\/velopro\/wp-json\/wp\/v2\/tags?post=129207"}],"curies":[{"name":"wp","href":"https:\/\/api.w.org\/{rel}","templated":true}]}}