{"id":128906,"date":"2019-07-14T17:33:45","date_gmt":"2019-07-14T15:33:45","guid":{"rendered":"https:\/\/cyclingpro.net\/velopro\/?p=128906"},"modified":"2019-07-14T18:47:56","modified_gmt":"2019-07-14T16:47:56","slug":"tour-de-france-daryl-impey-regle-tiesj-benoot-au-bout-de-lechappee","status":"publish","type":"post","link":"https:\/\/cyclingpro.net\/velopro\/course\/tour-de-france\/tour-de-france-daryl-impey-regle-tiesj-benoot-au-bout-de-lechappee\/","title":{"rendered":"Tour de France : Daryl Impey r\u00e8gle Tiesj Benoot au bout de l&rsquo;\u00e9chapp\u00e9e"},"content":{"rendered":"<p style=\"text-align: justify;\"><em>Un terrain de jeu id\u00e9al pour les baroudeurs. Ce dimanche, la neuvi\u00e8me \u00e9tape du Tour de France proposait 170,5 kilom\u00e8tres pour relier Saint-\u00c9tienne \u00e0 Brioude. Trois difficult\u00e9s \u00e9maillaient le parcours, la derni\u00e8re d&rsquo;entre elles \u00e9tant plac\u00e9e \u00e0 13 unit\u00e9s du but. C&rsquo;est alors un groupe de quinze coureurs qui a ouvert la route avec la b\u00e9n\u00e9diction du peloton. Les attaquants ont rapidement pris plus de dix minutes d&rsquo;avance et se sont disput\u00e9s la victoire. Tiesj Benoot et Daryl Impey, les deux meilleurs du groupe, sont arriv\u00e9s en t\u00eate dans la ligne droite finale. Le champion d&rsquo;Afrique du Sud a alors facilement dispos\u00e9 de son compagnon pour signer sa premi\u00e8re victoire sur le Tour de France. Jan Tratnik a pris la troisi\u00e8me place en retrait. Le peloton a coup\u00e9 la ligne \u00e0 plus de seize minutes du vainqueur. Il n&rsquo;y a aucun changement dans les premi\u00e8res positions du g\u00e9n\u00e9ral : Julian Alaphilippe conserve donc le maillot jaune apr\u00e8s une journ\u00e9e tranquille.\u00a0<\/em><\/p>\n<p style=\"text-align: justify;\">Donn\u00e9 en descente, le d\u00e9part est tr\u00e8s rapide. Les attaques s&rsquo;encha\u00eenent d\u00e8s le baisser de drapeau. Alexis Vuillermoz (AG2R-La Mondiale) lance les hostilit\u00e9s, en vain. Nils Politt (Katusha-Alpecin) r\u00e9ussit lui \u00e0 sortir quelques kilom\u00e8tres en solitaire avant d&rsquo;\u00eatre repris. A la fin de la descente, <a href=\"https:\/\/cyclingpro.net\/velopro\/course\/tour-de-france\/tour-de-france-tombe-lourdement-en-debut-detape-alessandro-de-marchi-abandonne\/\">Alessandro De Marchi (CCC) tombe lourdement et abandonne<\/a>. Cela n&rsquo;\u00e9chaude pas les coureurs offensifs qui continuent d&rsquo;attaquer sans r\u00e9ussite. Il faut alors attendre que la route s&rsquo;\u00e9l\u00e8ve pour voir un groupe s&rsquo;extraire durablement du peloton. C&rsquo;est dans la mont\u00e9e non r\u00e9pertori\u00e9e vers Chambles, apr\u00e8s dix kilom\u00e8tres, que se forme l&rsquo;\u00e9chapp\u00e9e.\u00a0Lukas P\u00f6stlberger (Bora-hansgrohe), Oliver Naesen (AG2R-La Mondiale), Ivan Cortina, Jan Tratnik (Bahrain-Merida), Tony Martin (Jumbo-Visma), Simon Clarke (EF Education First), Daryl Impey (Mitchelton-Scott), Jasper Stuyven (Trek-Segafredo), Nicolas Roche (Sunweb), Jes\u00fas Herrada (Cofidis), Tiesj Benoot (Lotto Soudal), Romain Sicard (Total Direct Energie), Edvald Boasson Hagen (Dimension Data) et Anthony Delaplace (Ark\u00e9a-Samsic) ouvrent la route de la neuvi\u00e8me \u00e9tape.<\/p>\n<p style=\"text-align: justify;\">Le peloton d\u00e9cide directement de laisser filer cet imposant groupe. Marc Soler (Movistar) se lance en poursuite \u00e0 contre-temps et finit par recoller \u00e0 1 kilom\u00e8tre du sommet du Mur d&rsquo;Aurec-sur-Loire (1\u00e8re cat., 3,2km \u00e0 11%). Sorti du peloton apr\u00e8s l&rsquo;Espagnol, Rui Costa (UAE-Team Emirates) se rapprochera \u00e0 25&Prime; de la t\u00eate avant de se relever. Incapable de recoller avant le sommet, l&rsquo;ancien champion du monde n&rsquo;est pas le bienvenu dans le groupe de t\u00eate. Les fuyards lui font bien comprendre en imposant un train soutenu apr\u00e8s que Benoot soit pass\u00e9 en t\u00eate au sommet. Le coureur le mieux class\u00e9 de l&rsquo;\u00e9chapp\u00e9e au g\u00e9n\u00e9ral \u00e9tant point\u00e9 \u00e0 plus de vingt minutes, le peloton conc\u00e8de vite un \u00e9cart cons\u00e9quent. Au terme de la premi\u00e8re heure de course, la Deceuninck-Quick Step conduit le peloton \u00e0 plus de huit minutes des quinze fuyards. Intercal\u00e9 un long moment, Rui Costa finit par \u00eatre repris \u00e0 105 unit\u00e9s du but. A ce stade, les deux entit\u00e9s de course sont s\u00e9par\u00e9s de dix minutes et quarante secondes!<\/p>\n<p style=\"text-align: justify;\">La situation n&rsquo;\u00e9volue pas dans l&rsquo;heure qui suit. Les quinze hommes de t\u00eate se pr\u00e9sentent alors au sprint interm\u00e9diaire d&rsquo;Arlanc, au km92, avec dix minutes d&rsquo;avance. Boasson Hagen y passe en t\u00eate devant Stuyven et Delaplace. L&rsquo;\u00e9chapp\u00e9e aborde ensuite la C\u00f4te des Guillaumanches (3e cat., 7,8km \u00e0 4,4%) avec une marge inchang\u00e9e. Les fuyards s&rsquo;entendent bien et restent group\u00e9s dans cette mont\u00e9e roulante. Impey passe le sommet en t\u00eate devant Benoot. L\u00e0, Clarke tente de relancer l&rsquo;\u00e9chapp\u00e9e en attaquant \u00e0 la bascule, mais en vain. Le groupe se reforme au complet un kilom\u00e8tre plus loin et reprend sa bonne collaboration. Il faut alors attendre les cinquante derniers kilom\u00e8tres pour voir du mouvement en t\u00eate. Lukas P\u00f6stlberger profite d&rsquo;une mont\u00e9e non r\u00e9pertori\u00e9e pour attaquer et parvient \u00e0 s&rsquo;isoler. L&rsquo;ancien champion d&rsquo;Autriche \u00e9volue seul en t\u00eate, et creuse l&rsquo;\u00e9cart sur ses quatorze poursuivants.<\/p>\n<p style=\"text-align: justify;\">La chasse est mal organis\u00e9e derri\u00e8re P\u00f6stlberger. Il en profite et aborde les trente derniers kilom\u00e8tres avec 40&Prime; d&rsquo;avance sur ses anciens compagnons de fuite. Derri\u00e8re, le peloton continue de laisser filer et accuse treize minutes de retard. Le groupe de chasse se reconstitue \u00e0 l&rsquo;approche de la C\u00f4te de Saint-Just (3e cat., 3,6km \u00e0 7,2%).\u00a0Naesen, Tratnik, Soler, Impey, Stuyven, Roche et Benoot s&rsquo;en vont \u00e0 la poursuite de l&rsquo;Autrichien et le reprennent dans l&rsquo;ascension. Benoot attaque d\u00e8s la jonction, en vain. Roche contre-attaque et fait la diff\u00e9rence. Seul Benoot parvient \u00e0 sauter dans la roue. Le duo ouvre la route un court instant avant de se faire rejoindre par Impey. Ils sont alors trois au passage du dernier sommet, le champion d&rsquo;Afrique du Sud empochant le maximum de points de la montagne. Quinze secondes apr\u00e8s eux, on retrouve Stuyven, Naesen, Tratnik et Soler. Benoot multiplie les attaques en t\u00eate et finit par faire c\u00e9der Roche, mais pas Impey. Ils sont alors deux \u00e0 cinq kilom\u00e8tres de la ligne avec une quinzaine de secondes d&rsquo;avance sur le groupe Naesen.<\/p>\n<p style=\"text-align: justify;\">Les deux hommes arrivent en t\u00eate sous la flamme rouge. L\u00e0, Benoot cesse de prendre ses relais et laisse Impey emmener. Le champion d&rsquo;Afrique du Sud accepte sans sourciller. Benoot tente de le surprendre aux 200 m\u00e8tres, mais en vain. Impey se montre le plus rapide et d\u00e9croche sa premi\u00e8re victoire sur le Tour de France. Tratnik prend la troisi\u00e8me place en retrait devant Naesen et Stuyven.\u00a0Au sein du peloton, hormis une tentative vite musel\u00e9e de Romain Bardet (AG2R-La Mondiale) dans la derni\u00e8re difficult\u00e9, il ne s&rsquo;est rien pass\u00e9. Les premi\u00e8res positions du classement g\u00e9n\u00e9ral restent donc inchang\u00e9es. Les favoris ont coup\u00e9 la ligne \u00e0 plus de seize minutes du vainqueur.<\/p>\n<p><strong>Le classement de la neuvi\u00e8me \u00e9tape :\u00a0<\/strong><br \/>\n1. Daryl Impey (Mitchelton-Scott) en 4h03&rsquo;12\u00a0\u00bb<br \/>\n2. Tiesj Benoot (Lotto Soudal) m.t.<br \/>\n3. Jan Tratnik (Bahrain-Merida) \u00e0 10&Prime;<br \/>\n4. Oliver Naesen (AG2R-La Mondiale) m.t.<br \/>\n5. Jasper Stuyven (Trek-Segafredo) m.t.<br \/>\n6. Nicolas Roche (Sunweb) \u00e0 14&Prime;<br \/>\n7. Marc Soler (Movistar) \u00e0 21&Prime;<br \/>\n8. Ivan Cortina (Bahrain-Merida) \u00e0 1&rsquo;50\u00a0\u00bb<br \/>\n9. Simon Clarke (EF Education First) m.t.<br \/>\n10. Anthony Delaplace (Ark\u00e9a-Samsic) \u00e0 2&rsquo;42\u00a0\u00bb<\/p>\n<p><strong>Le classement g\u00e9n\u00e9ral apr\u00e8s la neuvi\u00e8me \u00e9tape :\u00a0<\/strong><br \/>\n1. Julian Alaphilippe (Deceuninck-Quick Step) en 38h37&rsquo;36\u00a0\u00bb<br \/>\n2. Giulio Ciccone (Trek-Segafredo) \u00e0 23&Prime;<br \/>\n3. Thibaut Pinot (Groupama-FDJ) \u00e0 53&Prime;<br \/>\n4. George Bennett (Jumbo-Visma) \u00e0 1&rsquo;10\u00a0\u00bb<br \/>\n5. Geraint Thomas (Ineos) \u00e0 1&rsquo;12\u00a0\u00bb<br \/>\n6. Egan Bernal (Ineos) \u00e0 1&rsquo;16\u00a0\u00bb<br \/>\n7. Steven Kruijswijk (Jumbo-Visma) \u00e0 1&rsquo;27\u00a0\u00bb<br \/>\n8. Rigoberto Uran (EF Education First) \u00e0 1&rsquo;38\u00a0\u00bb<br \/>\n9. Jakob Fuglsang (Astana) \u00e0 1&rsquo;42\u00a0\u00bb<br \/>\n10. Emanuel Buchmann (Bora-hansgrohe) \u00e0 1&rsquo;45\u00a0\u00bb<\/p>\n","protected":false},"excerpt":{"rendered":"<p>Un terrain de jeu id\u00e9al pour les baroudeurs. Ce dimanche, la neuvi\u00e8me \u00e9tape du Tour de France proposait 170,5 kilom\u00e8tres pour relier Saint-\u00c9tienne \u00e0 Brioude. Trois difficult\u00e9s \u00e9maillaient le parcours, la derni\u00e8re d&rsquo;entre elles \u00e9tant plac\u00e9e \u00e0 13 unit\u00e9s du but. C&rsquo;est alors un groupe de quinze coureurs qui a ouvert la route avec la &hellip;<\/p>\n","protected":false},"author":15,"featured_media":129017,"comment_status":"open","ping_status":"open","sticky":false,"template":"","format":"standard","meta":{"footnotes":""},"categories":[27,17,14,15,39,19,28],"tags":[],"class_list":["post-128906","post","type-post","status-publish","format-standard","has-post-thumbnail","hentry","category-gros-bloc","category-une","category-resultats","category-route","category-tour-de-france","category-worldtour","category-course"],"_links":{"self":[{"href":"https:\/\/cyclingpro.net\/velopro\/wp-json\/wp\/v2\/posts\/128906","targetHints":{"allow":["GET"]}}],"collection":[{"href":"https:\/\/cyclingpro.net\/velopro\/wp-json\/wp\/v2\/posts"}],"about":[{"href":"https:\/\/cyclingpro.net\/velopro\/wp-json\/wp\/v2\/types\/post"}],"author":[{"embeddable":true,"href":"https:\/\/cyclingpro.net\/velopro\/wp-json\/wp\/v2\/users\/15"}],"replies":[{"embeddable":true,"href":"https:\/\/cyclingpro.net\/velopro\/wp-json\/wp\/v2\/comments?post=128906"}],"version-history":[{"count":7,"href":"https:\/\/cyclingpro.net\/velopro\/wp-json\/wp\/v2\/posts\/128906\/revisions"}],"predecessor-version":[{"id":129008,"href":"https:\/\/cyclingpro.net\/velopro\/wp-json\/wp\/v2\/posts\/128906\/revisions\/129008"}],"wp:featuredmedia":[{"embeddable":true,"href":"https:\/\/cyclingpro.net\/velopro\/wp-json\/wp\/v2\/media\/129017"}],"wp:attachment":[{"href":"https:\/\/cyclingpro.net\/velopro\/wp-json\/wp\/v2\/media?parent=128906"}],"wp:term":[{"taxonomy":"category","embeddable":true,"href":"https:\/\/cyclingpro.net\/velopro\/wp-json\/wp\/v2\/categories?post=128906"},{"taxonomy":"post_tag","embeddable":true,"href":"https:\/\/cyclingpro.net\/velopro\/wp-json\/wp\/v2\/tags?post=128906"}],"curies":[{"name":"wp","href":"https:\/\/api.w.org\/{rel}","templated":true}]}}